{"id":1139,"date":"2019-07-22T10:17:47","date_gmt":"2019-07-22T13:17:47","guid":{"rendered":"http:\/\/www.oppel.com.ar\/news\/?p=1139"},"modified":"2019-07-22T10:17:47","modified_gmt":"2019-07-22T13:17:47","slug":"para-mauricio-macri-con-la-baja-de-la-inflacion-los-creditos-uva-van-a-volver-a-ser-un-exito","status":"publish","type":"post","link":"https:\/\/www.oppel.com.ar\/news\/para-mauricio-macri-con-la-baja-de-la-inflacion-los-creditos-uva-van-a-volver-a-ser-un-exito\/","title":{"rendered":"Para Mauricio Macri, \u201ccon la baja de la inflaci\u00f3n, los cr\u00e9ditos UVA van a volver a ser un \u00e9xito\u201d"},"content":{"rendered":"<p>El presidente particip\u00f3 de la inauguraci\u00f3n de la nueva casa central del banco Santander, en la zona sur de la ciudad. Reiter\u00f3 que \u201cvolver al pasado ser\u00eda algo muy malo\u201d.<br \/>\n<!--more--><\/p>\n<p>En el inicio de una semana que lo tendr\u00e1 como protagonista, principalmente en la nueva Cumbre del Mercosur que se celebrar\u00e1 en Santa Fe, Mauricio Macri particip\u00f3 de la inauguraci\u00f3n de la nueva sede central del Banco Santander en el sur de la Ciudad de Buenos Aires. All\u00ed, se mostr\u00f3 confiado en el resurgimiento de los cr\u00e9ditos hipotecarios UVA. <\/p>\n<p>Junto al jefe de Gobierno porte\u00f1o, Horacio Rodr\u00edguez Larreta, el presidente advirti\u00f3 una vez m\u00e1s que \u201cvolver al pasado ser\u00eda algo muy malo\u201d, en referencia a un posible regreso del kirchnerismo al Gobierno. Tambi\u00e9n estuvieron presentes el ministro de Hacienda, Nicol\u00e1s Dujovne, el presidente del Santander, Enrique Cristofani, y el CEO de la entidad financiera, Sergio Lew.<\/p>\n<p>\u201cEsperamos que puedan seguir accediendo a los cr\u00e9ditos hipotecarios. Detr\u00e1s de los bancos que otorgan, hay un Estado que est\u00e1 haciendo un trabajo integral para desarrollar y robustecer el sistema financiera. Se nos fue con la inflaci\u00f3n, pero creo que con la baja de la inflaci\u00f3n, los cr\u00e9ditos UVA van a volver a ser un \u00e9xito importante\u201d, sostuvo Macri.<\/p>\n<p>En ese sentido, resalt\u00f3 el trabajo conjunto \u201centre sector p\u00fablico y el sector privado, cada uno en su lugar\u201d. \u201cEl Estado allanando el camino, y el sector privado invirtiendo en infraestructura, desarrollo y capacitaci\u00f3n. Vivimos en una \u00e9poca donde no solo los m\u00e9dicos tienen que estudiar todos los d\u00edas. Todos tenemos que recapacitarnos todos los d\u00edas\u201d, expres\u00f3.<\/p>\n<p>En el final de su discurso, volvi\u00f3 a hablar en tono de campa\u00f1a, a menos de mes de las PASO: \u201cEst\u00e1 clar\u00edsimo que hay un futuro posible si lo construimos pensando en lo que viene. Estoy cada vez m\u00e1s convencido, en este a\u00f1o que es fundacional, bisagra, porque vamos a elegir entre seguir para el futuro y volver al pasado, que ser\u00eda realmente muy malo, de que cuando los argentinos nos decidimos a trabajar juntos, somos imparables\u201d, cerr\u00f3.<\/p>\n<p>Tras el acto, Macri volar\u00e1 a Mendoza, donde desde el mediod\u00eda realizar\u00e1 una serie de actividades junto al gobernador Alfredo Cornejo. Entre otras cosas, inaugurar\u00e1 un tramo de 1.409 km de la ruta nacional 40.<\/p>\n<p>El presidente del Santander, Enrique Cristofani, inform\u00f3 que la entidad volc\u00f3 en la obra una inversi\u00f3n de  US$ 170 millones para construir un edificio de  52.200 metros equipados con \u00faltima tecnolog\u00eda y espacios abiertos para trabajo colaborativo. El banco inform\u00f3 que invertir\u00e1 u$s 550 millones en tecnolog\u00eda en los pr\u00f3ximos 3 a\u00f1os y de aqu\u00ed a fines de 2020 incorporar\u00e1 800 empleados con habilidades digitales. <\/p>\n<p>\u201cSiempre es bueno celebrar el crecimiento de quienes, como Santander, apoyan hace muchos a\u00f1os el desarrollo de la Argentina. M\u00e1s cuando lo hacen desde los valores que queremos potenciar en los argentinos. El desarrollo de las personas haciendo lo que los apasiona\u201d, se\u00f1al\u00f3 Macri ante un auditorio de 300 empleados del Banco. \u201cCuando los argentinos trabajamos juntos, como en este caso, somos imparables y capaces de hacer grandes cosas\u201d, agreg\u00f3. Asimismo, el Presidente destac\u00f3 la apertura de Sucursales de Integraci\u00f3n Social (SIS) de Santander en zonas vulnerables, al comentar que \u201cya hay 5 SIS abiertas y va a haber 10 m\u00e1s antes de fin de a\u00f1o\u201d.<\/p>\n<p>Fuente: <a href=\"https:\/\/www.clarin.com\/politica\/mauricio-macri-baja-inflacion-creditos-uva-van-volver-exito_0_Y6wrSKr6A.html\" rel=\"noopener\" target=\"_blank\">Clar\u00edn<\/a><\/p>\n","protected":false},"excerpt":{"rendered":"<p>El presidente particip\u00f3 de la inauguraci\u00f3n de la nueva casa central del banco Santander, en la zona sur de la ciudad. Reiter\u00f3 que \u201cvolver al pasado ser\u00eda algo muy malo\u201d.<\/p>\n","protected":false},"author":1,"featured_media":1140,"comment_status":"open","ping_status":"open","sticky":false,"template":"","format":"standard","meta":{"footnotes":""},"categories":[21,15,20,19,24,14],"tags":[],"_links":{"self":[{"href":"https:\/\/www.oppel.com.ar\/news\/wp-json\/wp\/v2\/posts\/1139"}],"collection":[{"href":"https:\/\/www.oppel.com.ar\/news\/wp-json\/wp\/v2\/posts"}],"about":[{"href":"https:\/\/www.oppel.com.ar\/news\/wp-json\/wp\/v2\/types\/post"}],"author":[{"embeddable":true,"href":"https:\/\/www.oppel.com.ar\/news\/wp-json\/wp\/v2\/users\/1"}],"replies":[{"embeddable":true,"href":"https:\/\/www.oppel.com.ar\/news\/wp-json\/wp\/v2\/comments?post=1139"}],"version-history":[{"count":1,"href":"https:\/\/www.oppel.com.ar\/news\/wp-json\/wp\/v2\/posts\/1139\/revisions"}],"predecessor-version":[{"id":1141,"href":"https:\/\/www.oppel.com.ar\/news\/wp-json\/wp\/v2\/posts\/1139\/revisions\/1141"}],"wp:featuredmedia":[{"embeddable":true,"href":"https:\/\/www.oppel.com.ar\/news\/wp-json\/wp\/v2\/media\/1140"}],"wp:attachment":[{"href":"https:\/\/www.oppel.com.ar\/news\/wp-json\/wp\/v2\/media?parent=1139"}],"wp:term":[{"taxonomy":"category","embeddable":true,"href":"https:\/\/www.oppel.com.ar\/news\/wp-json\/wp\/v2\/categories?post=1139"},{"taxonomy":"post_tag","embeddable":true,"href":"https:\/\/www.oppel.com.ar\/news\/wp-json\/wp\/v2\/tags?post=1139"}],"curies":[{"name":"wp","href":"https:\/\/api.w.org\/{rel}","templated":true}]}}