{"id":1188,"date":"2019-10-11T18:10:01","date_gmt":"2019-10-11T21:10:01","guid":{"rendered":"http:\/\/www.oppel.com.ar\/news\/?p=1188"},"modified":"2019-10-11T18:10:01","modified_gmt":"2019-10-11T21:10:01","slug":"o0ficinas-un-mercado-que-se-de0fiende","status":"publish","type":"post","link":"https:\/\/www.oppel.com.ar\/news\/o0ficinas-un-mercado-que-se-de0fiende\/","title":{"rendered":"O\u0000ficinas, un mercado que se de\u0000fiende"},"content":{"rendered":"<p>El mercado de oficinas en general, y el corporativo premium en particular, tiene una din\u00e1mica propia, si bien tambi\u00e9n sufre los avatares de la econom\u00eda. <\/p>\n<p><!--more--><\/p>\n<p>Alejandro Badino, director de gerenciamiento de la Colliers International, describe: &#8220;El mercado de oficinas corporativas es sensible a los efectos de la econom\u00eda. Pero ha demostrado ser el producto que mejor se defiende de las turbulencias. Tanto los propietarios de este tipo de inmuebles como sus ocupantes tienen una visi\u00f3n de largo plazo y no buscan vender o comprar como lo har\u00eda un inversor con un activo financiero. Siempre ha sido escasa la oferta de inmuebles corporativos en venta y -con el control cambiario- el desaf\u00edo ser\u00e1 encontrar propietarios dispuestos a vender&#8221;.<\/p>\n<p>En tanto, Rafael Valera, broker senior de Cushman &#038; Wakefield, agrega: &#8220;Al ser tan reciente la devaluaci\u00f3n y la regulaci\u00f3n de compra de moneda extranjera, el mercado se encuentra en proceso de asimilaci\u00f3n. De todos modos, estamos registrando la forma de pago como el punto central en la negociaci\u00f3n de nuevos alquileres en todos los segmentos, si bien continuamos viendo valores estables, sustentados en la reducida vacancia que existe&#8221;.<\/p>\n<p>Seg\u00fan el \u00faltimo informe del mercado de oficinas que elabor\u00f3 Cushman &#038; Wakefield, en Buenos Aires baj\u00f3 levemente el precio de la renta de los espacios corporativos premium durante el primer semestre de 2019. Actualmente, el promedio es de u$s 31,5 por mes el metro cuadrado. En cuanto a la vacancia, se mantiene baja -6,9%. Entre las seis ciudades relevadas en el informe, la \u00fanica que se ubica por debajo de ese porcentaje es Santiago, con 3,7%. A su vez, la capital argentina es la que presenta mayor superficie de oficinas premium proyectadas y en construcci\u00f3n en la regi\u00f3n, con un total de 991.254 metros cuadrados a entregar hasta 2023.<\/p>\n<p>Al respecto, Carlos Spina, gerente Comercial de la desarrolladora Argencons, sostiene: &#8220;En lo estructural, el mercado de oficinas sigue bien para adelante. El panorama macro no cambi\u00f3 en cuanto a que sigue subofertado, comparado con pa\u00edses de la regi\u00f3n. Pero, mientras dure el cepo, hay que tener en cuenta que los contratos de alquiler en d\u00f3lares se cobran (a la cotizaci\u00f3n) oficial y eso har\u00e1 que la rentabilidad baje. Lo que empieza ahora a faltar es la financiaci\u00f3n&#8221;.<\/p>\n<p>Argencons avanza con el desarrollo de Distrito Quartier en la zona de Retiro, un complejo de 115.000 m2 de usos mixtos (residencial, oficinas y comercial) que se apalanca con un fondo cerrado de inversi\u00f3n creado junto al grupo Allaria, en el marco de la ley de sinceramiento fiscal.<\/p>\n<p>En tanto, Mariano Vega, gerente de Administraci\u00f3n y director de Raghsa, una de las mayores desarrolladoras de oficinas AAA, opina: &#8220;El mercado se mantiene estable. El segmento est\u00e1 sano. En el sector de oficinas corporativas en Buenos Aires no se liberaron grandes espacios producto de reducci\u00f3n o cierre de operaciones. A pesar de la coyuntura, tenemos muy buena recepci\u00f3n de las empresas. Los precios de los alquileres est\u00e1n bajos comparados con la regi\u00f3n y no hay expectativas de que bajen m\u00e1s&#8221;. Raghsa construye actualmente su Centro Empresarial Libertador en N\u00fa\u00f1ez, edificio de 62.000 m2 rentables con 26 plantas libres.<\/p>\n<p><strong>Proyecciones<\/strong><\/p>\n<p>El impacto de las PASO y las recientes medidas de control cambiario &#8220;volver\u00e1n a transformar el mercado inmobiliario en un refugio de valor en general, sin importar el tipo de inmueble. Por lo tanto, es de esperar que se reduzca la oferta y que las empresas vuelvan a buscar la protecci\u00f3n de su capital en el mercado del real estate mientras se alcanza una etapa de mayor certidumbre&#8221;, prev\u00e9 Badino.<\/p>\n<p>Para Valera, si bien los proyectos lanzados durante 2019 &#8220;continuar\u00e1n a plena marcha de ejecuci\u00f3n, aquellos desarrolladores que poseen proyectos en cartera est\u00e1n esperando se\u00f1ales del futuro rumbo para contar con la claridad necesaria antes de comenzar a construir&#8221;. Sin embargo, el directivo de Raghsa afirma: &#8220;Somos optimistas porque tenemos una demanda interesante, con empresas que no reducen su actividad, que est\u00e1n consolid\u00e1ndose e incluso con requerimientos de m\u00e1s espacio. La expectativa es seguir construyendo. Es una rueda que siempre est\u00e1 en movimiento&#8221;.<\/p>\n<p>Fuente: <a href=\"https:\/\/www.cronista.com\/apertura-negocio\/realestate\/Oficinas-un-mercado-que-se-defiende-20190924-0008.html\">Apertura Negocios | El Cronista<\/a><\/p>\n","protected":false},"excerpt":{"rendered":"<p>El mercado de oficinas en general, y el corporativo premium en particular, tiene una din\u00e1mica propia, si bien tambi\u00e9n sufre los avatares de la econom\u00eda.<\/p>\n","protected":false},"author":1,"featured_media":1189,"comment_status":"open","ping_status":"open","sticky":false,"template":"","format":"standard","meta":{"footnotes":""},"categories":[20,18,19],"tags":[],"_links":{"self":[{"href":"https:\/\/www.oppel.com.ar\/news\/wp-json\/wp\/v2\/posts\/1188"}],"collection":[{"href":"https:\/\/www.oppel.com.ar\/news\/wp-json\/wp\/v2\/posts"}],"about":[{"href":"https:\/\/www.oppel.com.ar\/news\/wp-json\/wp\/v2\/types\/post"}],"author":[{"embeddable":true,"href":"https:\/\/www.oppel.com.ar\/news\/wp-json\/wp\/v2\/users\/1"}],"replies":[{"embeddable":true,"href":"https:\/\/www.oppel.com.ar\/news\/wp-json\/wp\/v2\/comments?post=1188"}],"version-history":[{"count":2,"href":"https:\/\/www.oppel.com.ar\/news\/wp-json\/wp\/v2\/posts\/1188\/revisions"}],"predecessor-version":[{"id":1191,"href":"https:\/\/www.oppel.com.ar\/news\/wp-json\/wp\/v2\/posts\/1188\/revisions\/1191"}],"wp:featuredmedia":[{"embeddable":true,"href":"https:\/\/www.oppel.com.ar\/news\/wp-json\/wp\/v2\/media\/1189"}],"wp:attachment":[{"href":"https:\/\/www.oppel.com.ar\/news\/wp-json\/wp\/v2\/media?parent=1188"}],"wp:term":[{"taxonomy":"category","embeddable":true,"href":"https:\/\/www.oppel.com.ar\/news\/wp-json\/wp\/v2\/categories?post=1188"},{"taxonomy":"post_tag","embeddable":true,"href":"https:\/\/www.oppel.com.ar\/news\/wp-json\/wp\/v2\/tags?post=1188"}],"curies":[{"name":"wp","href":"https:\/\/api.w.org\/{rel}","templated":true}]}}