{"id":119,"date":"2017-02-20T10:51:53","date_gmt":"2017-02-20T13:51:53","guid":{"rendered":"http:\/\/www.oppel.com.ar\/news\/?p=119"},"modified":"2018-08-16T14:04:34","modified_gmt":"2018-08-16T17:04:34","slug":"la-mirada-de-los-economistas-sobre-el-mercado-inmobiliario","status":"publish","type":"post","link":"https:\/\/www.oppel.com.ar\/news\/la-mirada-de-los-economistas-sobre-el-mercado-inmobiliario\/","title":{"rendered":"La mirada de los economistas sobre el mercado inmobiliario"},"content":{"rendered":"<p>\u00bfC\u00f3mo ven los economistas la actividad del mercado inmobiliario para el 2017?. \u00bfQu\u00e9 deber\u00eda hacer el sector para mejorar? Lee las opiniones de ocho economistas consultados por Reporte Inmobiliario sobre las perspectivas para el a\u00f1o 2017.<\/p>\n<p><!--more--><\/p>\n<p><img loading=\"lazy\" decoding=\"async\" src=\"http:\/\/www.oppel.com.ar\/news\/wp-content\/uploads\/2017\/02\/perspectivas_real_estate.jpg\" alt=\"\" width=\"586\" height=\"310\" class=\"aligncenter size-full wp-image-120\" srcset=\"https:\/\/www.oppel.com.ar\/news\/wp-content\/uploads\/2017\/02\/perspectivas_real_estate.jpg 586w, https:\/\/www.oppel.com.ar\/news\/wp-content\/uploads\/2017\/02\/perspectivas_real_estate-300x159.jpg 300w\" sizes=\"(max-width: 586px) 100vw, 586px\" \/><\/p>\n<p>El seguimiento de la actividad de la construcci\u00f3n privada y la inversi\u00f3n inmobiliaria cobra cada vez m\u00e1s relevancia dentro de las consultoras econ\u00f3micas. La importancia de la primera como fuente multiplicadora de la actividad econ\u00f3mica y del empleo y la magnitud de los montos de inversi\u00f3n que se manejan en inversiones de Real Estate hacen que cada vez m\u00e1s la mirada hacia el sector de los economistas se profundice cada d\u00eda m\u00e1s.<\/p>\n<p>Resulta entonces ilustrativo para el sector conocer como lo ven aquellos que si bien no son los protagonistas directos de su actividad, lo analizan y con su opiniones influyen en decisiones de individuos y empresas.<\/p>\n<p>En forma un\u00e1nime los economistas consultados esperan una recuperaci\u00f3n proveniente de los fondos del blanqueo. La mayor\u00eda apuesta a una reactivaci\u00f3n paulatina del cr\u00e9dito hipotecario a partir de la reducci\u00f3n de los niveles de inflaci\u00f3n. Preocupa el aumento de los costos de construcci\u00f3n y hasta alguno hace menci\u00f3n a los efectos negativos de la \u201cley de alquileres\u201d que se halla en tratamiento legislativo.<\/p>\n<p>Las opiniones vertidas por cada uno de los consultados figuran en forma independiente para que el lector pueda forjarse, a trav\u00e9s de la lectura, su propia opini\u00f3n en funci\u00f3n de los argumentos y fundamentaciones expuestos en cada caso.<\/p>\n<p>A continuaci\u00f3n se citan algunas frases destacadas de cada uno de los economistas consultados. Cliqueando sobre cada una de ellas podr\u00e1 acceder a las respuestas completas sobre lo que puntualmente piensan sobre el escenario inmobiliario del 2017 reconocidos economistas del \u00e1mbito nacional.<br \/>\nALDO ABRAM : \u201cEste a\u00f1o se inicia con el impulso de los recursos que surgieron del blanqueo. Sin embargo, en los pr\u00f3ximos meses perder\u00e1 relevancia, para ganarla una econom\u00eda que se reactiva\u201d.<\/p>\n<p>Fuente: Reporte Inmobiliario  <\/p>\n","protected":false},"excerpt":{"rendered":"<p>\u00bfC\u00f3mo ven los economistas la actividad del mercado inmobiliario para el 2017?. \u00bfQu\u00e9 deber\u00eda hacer el sector para mejorar? Lee las opiniones de ocho economistas consultados por Reporte Inmobiliario sobre las perspectivas para el a\u00f1o 2017.<\/p>\n","protected":false},"author":1,"featured_media":120,"comment_status":"open","ping_status":"open","sticky":false,"template":"","format":"standard","meta":{"footnotes":""},"categories":[1],"tags":[],"_links":{"self":[{"href":"https:\/\/www.oppel.com.ar\/news\/wp-json\/wp\/v2\/posts\/119"}],"collection":[{"href":"https:\/\/www.oppel.com.ar\/news\/wp-json\/wp\/v2\/posts"}],"about":[{"href":"https:\/\/www.oppel.com.ar\/news\/wp-json\/wp\/v2\/types\/post"}],"author":[{"embeddable":true,"href":"https:\/\/www.oppel.com.ar\/news\/wp-json\/wp\/v2\/users\/1"}],"replies":[{"embeddable":true,"href":"https:\/\/www.oppel.com.ar\/news\/wp-json\/wp\/v2\/comments?post=119"}],"version-history":[{"count":6,"href":"https:\/\/www.oppel.com.ar\/news\/wp-json\/wp\/v2\/posts\/119\/revisions"}],"predecessor-version":[{"id":925,"href":"https:\/\/www.oppel.com.ar\/news\/wp-json\/wp\/v2\/posts\/119\/revisions\/925"}],"wp:featuredmedia":[{"embeddable":true,"href":"https:\/\/www.oppel.com.ar\/news\/wp-json\/wp\/v2\/media\/120"}],"wp:attachment":[{"href":"https:\/\/www.oppel.com.ar\/news\/wp-json\/wp\/v2\/media?parent=119"}],"wp:term":[{"taxonomy":"category","embeddable":true,"href":"https:\/\/www.oppel.com.ar\/news\/wp-json\/wp\/v2\/categories?post=119"},{"taxonomy":"post_tag","embeddable":true,"href":"https:\/\/www.oppel.com.ar\/news\/wp-json\/wp\/v2\/tags?post=119"}],"curies":[{"name":"wp","href":"https:\/\/api.w.org\/{rel}","templated":true}]}}