{"id":1273,"date":"2020-04-27T10:50:00","date_gmt":"2020-04-27T13:50:00","guid":{"rendered":"https:\/\/www.oppel.com.ar\/news\/?p=1273"},"modified":"2020-04-27T10:50:00","modified_gmt":"2020-04-27T13:50:00","slug":"por-el-coronavirus-aumentan-las-consultas-por-las-casas-con-verde-ubicadas-fuera-de-la-capital-federal","status":"publish","type":"post","link":"https:\/\/www.oppel.com.ar\/news\/por-el-coronavirus-aumentan-las-consultas-por-las-casas-con-verde-ubicadas-fuera-de-la-capital-federal\/","title":{"rendered":"Por el coronavirus \u00bfaumentan las consultas por las casas con verde ubicadas fuera de la Capital Federal?"},"content":{"rendered":"\n<p>La cuarentena por el coronavirus hizo que las familias repensaran el valor de los espacios verdes<br><\/p>\n\n\n\n<!--more-->\n\n\n\n<p>&#8220;<strong>Quien tuvo la posibilidad de escaparse de la ciudad a pasar la cuarentena rodeado de verde y con aire libre, as\u00ed lo hizo\u00a0<\/strong>. La prueba m\u00e1s contundente fueron las largas filas de autos en la Panamericana, la semana que el Gobierno anunci\u00f3 el aislamiento social obligatorio por el avance del\u00a0<a href=\"https:\/\/www.lanacion.com.ar\/economia\/para-traer-2900-argentinos-el-gobierno-habilito-nid2355295\">coronavirus\u00a0<\/a>&#8220;, grafica Hugo Guindani, director comercial de Nuc\u00edfora Propiedades, la inmobiliaria con sucursales en Olivos y Tigre que comercializa propiedades en Nordelta y en sus zonas de influencia, cuando se lo consulta por el resurgir de los countries y barrios privados como una opci\u00f3n de vivienda en el contexto de la pandemia.<\/p>\n\n\n\n<p>Como se ve, el \u00e9xodo hacia la que en muchos casos es la casa de fin de semana es un dato que no ha pasado desapercibido en el sector. Un fen\u00f3meno que adem\u00e1s es apoyado por un incremento en las consultas. Esteban Edelstein Pernice, titular de Castex Propiedades explica cuando se inici\u00f3 la cuarentena, la cantidad de contactos semanales consultando por casas llave en mano crecieron 30 por ciento en comparaci\u00f3n a las semanas previas al inicio del aislamiento social obligatorio: &#8221;&nbsp;<strong>En los \u00faltimos d\u00edas crecieron los llamados de personas que viven en departamentos y que consultan sobre los proyectos con verde&nbsp;<\/strong>, quieren informarse para el d\u00eda despu\u00e9s y de esta manera aprovechar el tiempo para preguntar, piden planos, se interiorizan&#8221;, relata el broker quien reconoce que en muchos casos fueron dos y hasta tres llamados, lo que podr\u00eda inducir que hay un inter\u00e9s concreto en este mercado en el mediano plazo, es decir cuando termine la cuarentena. Igual Edelstein Pernice aclara que en el an\u00e1lisis general mes contra mes las consultas en marzo en la inmobiliaria que maneja cayeron 20 por ciento versus el mismo mes de 2019. &#8220;Abril viene un poco mejor pero no hay una explosi\u00f3n de la demanda&#8221;, agrega.<\/p>\n\n\n\n<p>&#8220;Hay nuevos prospectos de expectativa de cierre alta, gente que aspira a tener verde en un lugar cercano pero con todas los beneficios de &#8220;irte al campo&#8221;, es decir estar alejado de las grandes ciudades. Buscan lotes amplios o chacras&#8221;, coincide Mart\u00edn Fabiani, socio de Fab Consulting y responsable del proyecto de barrio de chacras Estancia Las Palmas, ubicado en Z\u00e1rate.<\/p>\n\n\n\n<p>El inter\u00e9s anticipa la posibilidad de que se ampl\u00ede la demanda de casas en los barrios cerrados. Fabiani apunta a que se da por varios motivos: &#8220;muchos clientes consideran que estas epidemias podr\u00edan repetirse y le dan un importante valor a los barrios alejados y con mucho terrenos, sin importar el aspecto econ\u00f3mico&#8221;, justifica.<\/p>\n\n\n\n<p>Por otra parte, puertas adentro de los hogares,&nbsp;<strong>el confinamiento hizo que las familias repensaran el valor de los espacios verdes en el d\u00eda a d\u00eda.<\/strong><\/p>\n\n\n\n<p>En Buenos Aires,&nbsp;<strong>las consultas se orientan especialmente a barrios cerrados, con buen acceso a la Capital Federal, con seguridad y expensas bajas&nbsp;<\/strong>, sobre todo en la zona norte, en el eje de la autopista Panamericana.<\/p>\n\n\n\n<p>&#8221;\u00a0<strong>Hay consultas aunque no hay cierres de operaciones en cuarentena ya que es materialmente imposible organizar visitas\u00a0<\/strong>&#8220;, explica Daniel Silva, CEO de Metrospaces, desarrolladora de Bl\u00fc Pilar. Agrega que se buscan lotes y tambi\u00e9n departamentos en urbanizaciones privadas. &#8220;La decisi\u00f3n no es por un tema econ\u00f3mico sino por estilo de vida: buscan contacto con el verde y espacios m\u00e1s amplios&#8221;, detalla.<\/p>\n\n\n\n<figure class=\"wp-block-image size-large\"><img decoding=\"async\" src=\"https:\/\/bucket3.glanacion.com\/anexos\/fotos\/67\/3237967w740.jpg\" alt=\"\"\/><figcaption>Los servicios que ofrecen los barrios son claves para la demanda<\/figcaption><\/figure>\n\n\n\n<h2 class=\"wp-block-heading\" id=\"los-valores-de-venta-no-subiran\">Los valores de venta no subir\u00e1n<\/h2>\n\n\n\n<p>Respecto a los valores, los inmobiliarios anticipan que pese a que se espera que la demanda aumente no habr\u00e1 un incremento en los precios de la oferta. Edelstein Pernice afirma que los precios de una casa en un barrio cerrado est\u00e1 en los m\u00ednimos hist\u00f3ricos. En parte impulsada por la baja del costo de construcci\u00f3n. Explica que una casa de 232 metros cuadrados -lista para mudarse- que en el cuarto trimestre de 2016 ten\u00eda un costo de US$360.000, hoy se construye por US$220.000. &#8220;El costo, en d\u00f3lares, baj\u00f3 de US$1580 a US$800 por metro cuadrado&#8221;, detalla. Agrega que tambi\u00e9n oportunidades en barrios con lotes en promoci\u00f3n. &#8221;&nbsp;<strong>Esta situaci\u00f3n genera que por el mismo valor que se adquiere un departamento de tres ambientes en la Capital Federal se pueda acceder a una casa con tres dormitorios, pileta&nbsp;<\/strong>&#8220;, ejemplifica.<\/p>\n\n\n\n<p>Guindani agrega que&nbsp;<strong>los barrios que mejor defender\u00e1n su valor ser\u00e1n los m\u00e1s consolidados&nbsp;<\/strong>mientras que los emprendimientos menos desarrollados y habitados podr\u00edan tener alg\u00fan impacto.<\/p>\n\n\n\n<p>El inter\u00e9s de alejarse de la gran ciudad no se circunscribe a Buenos Aires. En el interior del pa\u00eds tambi\u00e9n se est\u00e1 dando el fen\u00f3meno. &#8221;&nbsp;<strong>Desde que empez\u00f3 el aislamiento obligatorio el 19 de marzo, recibimos m\u00e1s de 300 consultas v\u00eda redes sociales y dem\u00e1s canales digitales&nbsp;<\/strong>, pregunt\u00e1ndonos acerca de las dimensiones de los lotes, espacios verdes, formas de pago y zonas de esparcimiento cercanas. Son casos que buscan una casa en reemplazo de un departamento para alejarse de las grandes urbes, y contactarse con la naturaleza&#8221;, relata Pablo Gampel, CEO y fundador de GMP Company, con dos proyectos en C\u00f3rdoba: Balcones Del Prado, a 15 minutos de la capital con vistas a las sierras, y Villa Ca\u00f1ada, un emprendimiento con lotes de monta\u00f1a con r\u00edo a dos kil\u00f3metros de la misma ciudad. &#8220;Lo que m\u00e1s sorprende es que est\u00e1 comprando gente de Buenos Aires, sin importar la distancia. En general, consumidores finales que planean mudarse, tener una opci\u00f3n para cuando se jubilen o sencillamente, un cambio de vida. Tambi\u00e9n est\u00e1n los casos de quienes buscan resguardar los ahorros que tienen en pesos e invertirlos en un producto como la tierra que cotiza en d\u00f3lares&#8221;, relata Gampel y afirma que el 80 por ciento son nuevos clientes y el 20 por ciento vienen por referidos.<\/p>\n\n\n\n<h2 class=\"wp-block-heading\" id=\"el-valor-emocional-de-lo-verde\">El valor emocional de lo verde<\/h2>\n\n\n\n<p>De cara al futuro, las preguntas que surgen en el contexto de la pandemia se multiplican. Por caso, \u00bfse espera alg\u00fan cambio en cuanto a la oferta a partir del coronavirus? &#8220;Sin duda,&nbsp;<strong>los espacios verdes pasan a tener un valor que trasciende lo econ\u00f3mico&nbsp;<\/strong>, explica Fabiani.<\/p>\n\n\n\n<p>Los brokers destacan&nbsp;<strong>dos tendencias que emergen de esta experiencia colectiva: el home office, apoyado por las tecnolog\u00edas de comunicaci\u00f3n; y el regreso a la naturaleza&nbsp;<\/strong>. En este marco, se\u00f1alan, que el largo plazo puede anticiparse un cambio sustancial en las conductas y en las decisiones de los individuos que buscar\u00e1n espacios abiertos, naturales y de baja densidad, donde una cuarentena no signifique estar encerrado y donde la convivencia no sea hacinamiento. &#8220;Los desarrollos de barrios cerrados deben mirar estos aspectos y promover comunidades autosuficientes&#8221;, profundiza Silva. En concreto se refiere a que Los proyectos deber\u00edan empezar a incorporar amenities pensados para dar al vecino acceso a los servicios que le ofrece la ciudad, para que no tengan la necesidad de acercarse a las grandes urbes. Esto es seguridad, una sucursal bancaria, un \u00e1rea comercial, colegios, espacios de coworking, adem\u00e1s de los tradicionales amenities deportivos. &#8220;Debe cuidarse mucho el tema de las expensas, que deben ser lo m\u00e1s bajas posibles, lo que obliga a planificar y operar el desarrollo con criterios no solo de sustentabilidad ambiental sino tambi\u00e9n econ\u00f3mica&#8221;, aclara.<\/p>\n\n\n\n<h2 class=\"wp-block-heading\" id=\"aumenta-la-demanda-de-alquileres\">Aumenta la demanda de alquileres<\/h2>\n\n\n\n<p>Al inter\u00e9s por la compra se suma un incremento de la demanda por los alquileres. De hecho, en este caso, las consultas arrancaron antes de que el Gobierno decretase la cuarentena. &#8220;Las semanas previas hubo b\u00fasquedas y consultas inesperadas para ese momento, como por ejemplo de casas en zona Norte, en Pilar o Nordelta. Era gente que estaba planeando refugiarse en cuarentena obligatoria. Nos consultaban por alquileres de tres meses , otros casos planteaban hasta que pase el invierno&#8221;, recuerda Alejandro Schuff, director de Soldati Propiedades. Por lo precipitado de los acontecimientos, la tendencia no se materializ\u00f3 en contratos concretos, sin embargo, a futuro se espera un crecimiento de ese mercado. &#8220;Habr\u00e1 mucha gente que tal vez no tome la decisi\u00f3n de comprar pero que, una vez descubiertas las ventajas y la viabilidad del teletrabajo, s\u00ed se decida a alquilar&#8221;, finaliza Guindani.<\/p>\n\n\n\n<p>Por:&nbsp;<a href=\"https:\/\/www.lanacion.com.ar\/autor\/victoria-aranda-9399\">Victoria Aranda<\/a><\/p>\n\n\n\n<p>Fuente: <a href=\"https:\/\/www.lanacion.com.ar\/propiedades\/por-coronavirus-aumentan-consultas-casas-verde-ubicadas-nid2355459\">La Naci\u00f3n<\/a><\/p>\n\n\n\n<p><\/p>\n","protected":false},"excerpt":{"rendered":"<p>La cuarentena por el coronavirus hizo que las familias repensaran el valor de los espacios verdes<\/p>\n","protected":false},"author":1,"featured_media":1274,"comment_status":"open","ping_status":"open","sticky":false,"template":"","format":"standard","meta":{"footnotes":""},"categories":[20,18,14],"tags":[],"_links":{"self":[{"href":"https:\/\/www.oppel.com.ar\/news\/wp-json\/wp\/v2\/posts\/1273"}],"collection":[{"href":"https:\/\/www.oppel.com.ar\/news\/wp-json\/wp\/v2\/posts"}],"about":[{"href":"https:\/\/www.oppel.com.ar\/news\/wp-json\/wp\/v2\/types\/post"}],"author":[{"embeddable":true,"href":"https:\/\/www.oppel.com.ar\/news\/wp-json\/wp\/v2\/users\/1"}],"replies":[{"embeddable":true,"href":"https:\/\/www.oppel.com.ar\/news\/wp-json\/wp\/v2\/comments?post=1273"}],"version-history":[{"count":2,"href":"https:\/\/www.oppel.com.ar\/news\/wp-json\/wp\/v2\/posts\/1273\/revisions"}],"predecessor-version":[{"id":1276,"href":"https:\/\/www.oppel.com.ar\/news\/wp-json\/wp\/v2\/posts\/1273\/revisions\/1276"}],"wp:featuredmedia":[{"embeddable":true,"href":"https:\/\/www.oppel.com.ar\/news\/wp-json\/wp\/v2\/media\/1274"}],"wp:attachment":[{"href":"https:\/\/www.oppel.com.ar\/news\/wp-json\/wp\/v2\/media?parent=1273"}],"wp:term":[{"taxonomy":"category","embeddable":true,"href":"https:\/\/www.oppel.com.ar\/news\/wp-json\/wp\/v2\/categories?post=1273"},{"taxonomy":"post_tag","embeddable":true,"href":"https:\/\/www.oppel.com.ar\/news\/wp-json\/wp\/v2\/tags?post=1273"}],"curies":[{"name":"wp","href":"https:\/\/api.w.org\/{rel}","templated":true}]}}