{"id":130,"date":"2017-02-20T10:58:33","date_gmt":"2017-02-20T13:58:33","guid":{"rendered":"http:\/\/www.oppel.com.ar\/news\/?p=130"},"modified":"2018-08-16T14:04:21","modified_gmt":"2018-08-16T17:04:21","slug":"el-costo-de-la-construccion-subio-24-en-enero","status":"publish","type":"post","link":"https:\/\/www.oppel.com.ar\/news\/el-costo-de-la-construccion-subio-24-en-enero\/","title":{"rendered":"El costo de la construcci\u00f3n subi\u00f3 2,4% en enero"},"content":{"rendered":"<p>La mano de obra fue lo que m\u00e1s avanz\u00f3, seguida por los materiales, seg\u00fan el INDEC.<\/p>\n<p>El nivel general del \u00cdndice del Costo de la Construcci\u00f3n en el Gran Buenos Aires en enero registr\u00f3 una suba del 2,4% con relaci\u00f3n a las cifras de diciembre, seg\u00fan el INDEC. As\u00ed, el alza interanual de los costos en esta actividad pilar de la econom\u00eda asciende al 33,1%.<\/p>\n<p><!--more--><\/p>\n<p><img loading=\"lazy\" decoding=\"async\" src=\"http:\/\/www.oppel.com.ar\/news\/wp-content\/uploads\/2017\/02\/ryl5ch3t4l_930x525.jpg\" alt=\"ryl5ch3t4l_930x525\" width=\"930\" height=\"524\" class=\"aligncenter size-full wp-image-131\" srcset=\"https:\/\/www.oppel.com.ar\/news\/wp-content\/uploads\/2017\/02\/ryl5ch3t4l_930x525.jpg 930w, https:\/\/www.oppel.com.ar\/news\/wp-content\/uploads\/2017\/02\/ryl5ch3t4l_930x525-300x169.jpg 300w, https:\/\/www.oppel.com.ar\/news\/wp-content\/uploads\/2017\/02\/ryl5ch3t4l_930x525-768x433.jpg 768w\" sizes=\"(max-width: 930px) 100vw, 930px\" \/><\/p>\n<p>El resultado de la suba mensual surge como consecuencia del alza de 1,9% en el cap\u00edtulo \u201cMateriales\u201d, de 2,9% en el rubro \u201cMano de obra\u201d y de 1,4% en el de \u201cGastos generales\u201d.<\/p>\n<p>En la comparaci\u00f3n interanual, el cap\u00edtulo mano de obra evidenci\u00f3 un incremento de 38,7%. Estas subas incorporaron los nuevos valores establecidos por la Resoluci\u00f3n N\u00ba Resol-2016-762 del ministerio de Trabajo, de octubre de 2016.<\/p>\n<p>A su vez, el precio del rubro Materiales verific\u00f3 en el primer mes del a\u00f1o un ascenso de 1,9% contra diciembre, y un alza de 22,4% en la variaci\u00f3n interanual.<\/p>\n<p>Por su parte, el cap\u00edtulo Gastos Generales registr\u00f3 una suba interanual del 48,1 %.<\/p>\n<p>Dentro de rubro &#8220;gastos generales&#8221;, se destac\u00f3 en enero la suba de 0,9% en la erogaci\u00f3n para contratar andamios, mientras que el resto de los componentes no tuvieron varaciones contra diciembre.<\/p>\n<p>Fuente: Clar\u00edn  <\/p>\n","protected":false},"excerpt":{"rendered":"<p>La mano de obra fue lo que m\u00e1s avanz\u00f3, seguida por los materiales, seg\u00fan el INDEC. El nivel general del \u00cdndice del Costo de la Construcci\u00f3n en el Gran Buenos Aires en enero registr\u00f3 una suba del 2,4% con relaci\u00f3n a las cifras de diciembre, seg\u00fan el INDEC. As\u00ed, el alza interanual de los costos [&hellip;]<\/p>\n","protected":false},"author":1,"featured_media":131,"comment_status":"open","ping_status":"open","sticky":false,"template":"","format":"standard","meta":{"footnotes":""},"categories":[1],"tags":[],"_links":{"self":[{"href":"https:\/\/www.oppel.com.ar\/news\/wp-json\/wp\/v2\/posts\/130"}],"collection":[{"href":"https:\/\/www.oppel.com.ar\/news\/wp-json\/wp\/v2\/posts"}],"about":[{"href":"https:\/\/www.oppel.com.ar\/news\/wp-json\/wp\/v2\/types\/post"}],"author":[{"embeddable":true,"href":"https:\/\/www.oppel.com.ar\/news\/wp-json\/wp\/v2\/users\/1"}],"replies":[{"embeddable":true,"href":"https:\/\/www.oppel.com.ar\/news\/wp-json\/wp\/v2\/comments?post=130"}],"version-history":[{"count":2,"href":"https:\/\/www.oppel.com.ar\/news\/wp-json\/wp\/v2\/posts\/130\/revisions"}],"predecessor-version":[{"id":922,"href":"https:\/\/www.oppel.com.ar\/news\/wp-json\/wp\/v2\/posts\/130\/revisions\/922"}],"wp:featuredmedia":[{"embeddable":true,"href":"https:\/\/www.oppel.com.ar\/news\/wp-json\/wp\/v2\/media\/131"}],"wp:attachment":[{"href":"https:\/\/www.oppel.com.ar\/news\/wp-json\/wp\/v2\/media?parent=130"}],"wp:term":[{"taxonomy":"category","embeddable":true,"href":"https:\/\/www.oppel.com.ar\/news\/wp-json\/wp\/v2\/categories?post=130"},{"taxonomy":"post_tag","embeddable":true,"href":"https:\/\/www.oppel.com.ar\/news\/wp-json\/wp\/v2\/tags?post=130"}],"curies":[{"name":"wp","href":"https:\/\/api.w.org\/{rel}","templated":true}]}}