{"id":149,"date":"2017-03-01T16:47:28","date_gmt":"2017-03-01T19:47:28","guid":{"rendered":"http:\/\/www.oppel.com.ar\/news\/?p=149"},"modified":"2018-08-16T14:03:47","modified_gmt":"2018-08-16T17:03:47","slug":"signo-de-recuperacion-en-el-ultimo-trimestre-de-2016-la-economia-crecio-09","status":"publish","type":"post","link":"https:\/\/www.oppel.com.ar\/news\/signo-de-recuperacion-en-el-ultimo-trimestre-de-2016-la-economia-crecio-09\/","title":{"rendered":"Signo de recuperaci\u00f3n: en el \u00faltimo trimestre de 2016 la econom\u00eda creci\u00f3 0,9%"},"content":{"rendered":"<p>La actividad econ\u00f3mica cerr\u00f3 el \u00faltimo trimestre del a\u00f1o con una suba de 0,9% luego de tres trimestres de recesi\u00f3n lo que puede verse como un signo de recuperaci\u00f3n. Sin embargo, el balance del 2016 arroj\u00f3 una ca\u00edda de 2,3%, seg\u00fan datos del INDEC.<\/p>\n<p><!--more--><\/p>\n<p>En diciembre la econom\u00eda mostr\u00f3 una merma de 0,1% en comparaci\u00f3n a igual mes del 2015, mientras que contra noviembre se registr\u00f3 un avance de 1,6%. Fuentes del Palacio de Hacienda explicaron a \u00e1mbito.com que con esa variaci\u00f3n intermensual del EMAE se completa un \u00faltimo trimestre en rango positivo (0,9) &#8220;siendo el primer trimestre positivo tras cuatro con ca\u00edda&#8221;.<\/p>\n<p>&#8220;La econom\u00eda argentina empez\u00f3 a recuperarse efectivamente en el \u00faltimo trimestre y va a seguir ese camino en 2017&#8221;, cerraron las mismas fuentes.<\/p>\n<p>En tanto, la baja del 2,3% en la actividad estuvo signada por un retroceso de la actividad fabril, de la construcci\u00f3n y del consumo, que no pudo ser compensada por el mayor nivel de movimiento del sector agropecuario, financiero y el comercio internacional, destac\u00f3 el organismo.<\/p>\n<p>Antes de que se dieran a conocer estas cifras, el Ministro de Hacienda, Nicol\u00e1s Dujovne, asegur\u00f3: &#8220;Estamos empezando a crecer. Los n\u00fameros lo ratifican&#8221;. El funcionario destac\u00f3 que las cifras del cuarto trimestre del a\u00f1o pasado mostraron &#8220;una recuperaci\u00f3n muy clara respecto al tercero&#8221;.<\/p>\n<p>Desde el \u00e1mbito privado, las consultoras coincidieron con el pron\u00f3stico oficial de que la econom\u00eda se recuperar\u00e1 este a\u00f1o. En estos c\u00e1lculos se destacaron los m\u00e1s optimistas, como los de Analytica, que proyect\u00f3 una suba del 5 por ciento, o la consultara de Miguel Bein y asociados, con el 4,8; mientras que Abeceb, de Dante Sica se coloc\u00f3 en el 3,5 y Ecolatina, a cargo de Lorenzo Sigaut Gravina, proyecto entre un 2,5 y 3 por ciento.<\/p>\n<p>Fuente: Ambito.com  <\/p>\n","protected":false},"excerpt":{"rendered":"<p>La actividad econ\u00f3mica cerr\u00f3 el \u00faltimo trimestre del a\u00f1o con una suba de 0,9% luego de tres trimestres de recesi\u00f3n lo que puede verse como un signo de recuperaci\u00f3n. Sin embargo, el balance del 2016 arroj\u00f3 una ca\u00edda de 2,3%, seg\u00fan datos del INDEC.<\/p>\n","protected":false},"author":1,"featured_media":150,"comment_status":"open","ping_status":"open","sticky":false,"template":"","format":"standard","meta":{"footnotes":""},"categories":[1],"tags":[],"_links":{"self":[{"href":"https:\/\/www.oppel.com.ar\/news\/wp-json\/wp\/v2\/posts\/149"}],"collection":[{"href":"https:\/\/www.oppel.com.ar\/news\/wp-json\/wp\/v2\/posts"}],"about":[{"href":"https:\/\/www.oppel.com.ar\/news\/wp-json\/wp\/v2\/types\/post"}],"author":[{"embeddable":true,"href":"https:\/\/www.oppel.com.ar\/news\/wp-json\/wp\/v2\/users\/1"}],"replies":[{"embeddable":true,"href":"https:\/\/www.oppel.com.ar\/news\/wp-json\/wp\/v2\/comments?post=149"}],"version-history":[{"count":2,"href":"https:\/\/www.oppel.com.ar\/news\/wp-json\/wp\/v2\/posts\/149\/revisions"}],"predecessor-version":[{"id":917,"href":"https:\/\/www.oppel.com.ar\/news\/wp-json\/wp\/v2\/posts\/149\/revisions\/917"}],"wp:featuredmedia":[{"embeddable":true,"href":"https:\/\/www.oppel.com.ar\/news\/wp-json\/wp\/v2\/media\/150"}],"wp:attachment":[{"href":"https:\/\/www.oppel.com.ar\/news\/wp-json\/wp\/v2\/media?parent=149"}],"wp:term":[{"taxonomy":"category","embeddable":true,"href":"https:\/\/www.oppel.com.ar\/news\/wp-json\/wp\/v2\/categories?post=149"},{"taxonomy":"post_tag","embeddable":true,"href":"https:\/\/www.oppel.com.ar\/news\/wp-json\/wp\/v2\/tags?post=149"}],"curies":[{"name":"wp","href":"https:\/\/api.w.org\/{rel}","templated":true}]}}