{"id":163,"date":"2017-03-01T16:55:27","date_gmt":"2017-03-01T19:55:27","guid":{"rendered":"http:\/\/www.oppel.com.ar\/news\/?p=163"},"modified":"2018-08-16T14:03:20","modified_gmt":"2018-08-16T17:03:20","slug":"tres-catalanes-ganan-el-mayor-premio-internacional-de-la-arquitectura","status":"publish","type":"post","link":"https:\/\/www.oppel.com.ar\/news\/tres-catalanes-ganan-el-mayor-premio-internacional-de-la-arquitectura\/","title":{"rendered":"Tres catalanes ganan el mayor premio internacional de la arquitectura"},"content":{"rendered":"<p>El Pritzker, equivalente al Nobel de la arquitectura, fue para el estudio RCR Arquitectes, un equipo que trabaja principalmente en su pueblo natal.<\/p>\n<p>Los catalanes del estudio RCR Arquitectes ganaron el Premio Pritzker 2017. Sin errores ni bloopers, como pas\u00f3 el domingo pasado con los Oscar, el jurado di\u00f3 a conocer su nombre, lo que fue un verdadero batacazo. Nadie los ten\u00eda como favoritos. El Pritzker es el m\u00e1ximo galard\u00f3n de la arquitectura internacional, se dice que equivale al Nobel.<\/p>\n<p><!--more--><\/p>\n<p>Oriundos de Olot, Girona, Carme Pigem y sus dos socios \u2014su marido, Ram\u00f3n Vilalta y Rafael Aranda\u2014 llevan casi tres d\u00e9cadas dedic\u00e1ndose a la arquitectura. Y se acaban de convertir en el primer colectivo ganador del Pritzker. \u201cEl respeto por lo existente y la proyecci\u00f3n de futuro, la convivencia entre lo local y lo universal\u201d es lo que destac\u00f3 el prestigioso jurado para tomar la decisi\u00f3n. Y adem\u00e1s recalc\u00f3 &#8220;el enfoque deliberado y reflexivo sobre la arquitectura. Sus obras cumplen admirable y po\u00e9ticamente las exigencias tradicionales de la arquitectura para la belleza f\u00edsica y espacial, junto con la funci\u00f3n y la artesan\u00eda, pero lo que las distingue es su enfoque que crea edificios y lugares locales y universales al mismo tiempo&#8221;, se\u00f1alaron sobre los arquitectos que nacieron en Olot, en la regi\u00f3n catalana del noreste de Espa\u00f1a. &#8220;Resistieron el llamado de la metr\u00f3poli en favor de permanecer estrechamente conectados a sus ra\u00edces&#8221;, asegur\u00f3 el jurado.<\/p>\n<p>El estudio se presenta como un &#8220;Espacio de laboratorio de arquitectura abierto para desarrollar la investigaci\u00f3n y la transversalidad creativas&#8221;. La estrecha colaboraci\u00f3n entre los tres proyectistas, la importancia de la artesan\u00eda frente a la industria y la b\u00fasqueda de la universalidad desde el cuidado de las ra\u00edces es lo que premia el Pritzker 2017 al reconocer a este tr\u00edo cosmopolita y de pueblo que desde que se conociera, en la Escuela de Arquitectura de Barcelona, apost\u00f3 por dise\u00f1ar a seis manos. Hace 24 a\u00f1os emprendieron un viaja a Jap\u00f3n, donde aprendieron la importancia de dise\u00f1ar el camino para llegar a los sitios. \u201cEs fundamental ir encontrando la arquitectura, evitar que te asalte. Retrasar el encuentro multiplica las sensaciones y convierte un edificio en un descubrimiento\u201d, explica Vilalta al diario El Pa\u00eds.<\/p>\n<p><img loading=\"lazy\" decoding=\"async\" src=\"http:\/\/www.oppel.com.ar\/news\/wp-content\/uploads\/2017\/03\/HkXhwPV9x_720x0.jpg\" alt=\"HkXhwPV9x_720x0\" width=\"720\" height=\"475\" class=\"aligncenter size-full wp-image-167\" srcset=\"https:\/\/www.oppel.com.ar\/news\/wp-content\/uploads\/2017\/03\/HkXhwPV9x_720x0.jpg 720w, https:\/\/www.oppel.com.ar\/news\/wp-content\/uploads\/2017\/03\/HkXhwPV9x_720x0-300x198.jpg 300w\" sizes=\"(max-width: 720px) 100vw, 720px\" \/><\/p>\n<p>Los autores del flamante restaurante Enigma de Albert Adri\u00e0 en Barcelona fueron, mucho antes, los dise\u00f1adores del Les Cols, de nuevo en Olot: \u201cEntre huertos y gallinas por primera vez tuvimos que plantearnos c\u00f3mo hablar a lo que ya exist\u00eda\u201d. Decidieron hacerlo sin alterar el lugar pero dirigi\u00e9ndose a \u00e9l con voz propia. Y dejaron claro c\u00f3mo la vanguardia y la alta cocina deben convivir con la agricultura y el kil\u00f3metro cero. Algunos maestros modernos descubrieron c\u00f3mo viajar por el mundo lleva a recuperar las ra\u00edces<\/p>\n<p>El equipo de prestigiosos miembros est\u00e1 integrado por Stephen Breyer, Glen Murcutt, Yung Ho Chang, Kristin Feireiss, Lord Peter Palumbo, Chair, Richard Rogers, Benedetta Tagliabue, Ratan N. Tata. El a\u00f1o pasado el arquitecto chileno Alejandro Aravena fue el ganador de la edici\u00f3n 2016, convirti\u00e9ndose en el cuarto latinoamericano en llevarse el premio (los anteriores fueron el mexicano Luis Barrag\u00e1n, en 1980, y los brasile\u00f1os Oscar Niemeyer y Paulo Mendes da Rocha, en 1988 y 2006 respectivamente). Aravena, de 48 a\u00f1os, fue el ganador n\u00famero 41 del premio, y el segundo m\u00e1s joven en ser galardonado (el m\u00e1s joven fue Ryue Nishizawa, quien ten\u00eda 44 a\u00f1os al recibirlo en 2010). El jurado destac\u00f3 el concepto de la &#8220;vivienda social progesiva&#8221; de Aravena, una idea que naci\u00f3 como una forma de lidiar con los bajos presupuestos que los gobiernos asignan al \u00e1rea, proporcionando viviendas que cubren las necesidades b\u00e1sicas y que adem\u00e1s con el tiempo generan valor a precios incre\u00edblemente bajos.<\/p>\n<p><img loading=\"lazy\" decoding=\"async\" src=\"http:\/\/www.oppel.com.ar\/news\/wp-content\/uploads\/2017\/03\/SJZ3DPV9e_720x0.jpg\" alt=\"SJZ3DPV9e_720x0\" width=\"720\" height=\"478\" class=\"aligncenter size-full wp-image-165\" srcset=\"https:\/\/www.oppel.com.ar\/news\/wp-content\/uploads\/2017\/03\/SJZ3DPV9e_720x0.jpg 720w, https:\/\/www.oppel.com.ar\/news\/wp-content\/uploads\/2017\/03\/SJZ3DPV9e_720x0-300x199.jpg 300w\" sizes=\"(max-width: 720px) 100vw, 720px\" \/><\/p>\n<p>Adem\u00e1s, Aravena fue miembro del jurado de este galard\u00f3n, del que se conocen muy pocas internas. El premio fue instaurado en 1979 por Jay y Cindy Pritzker, la familia propietaria de la cadena hotelera Hyatt.<\/p>\n<p><img loading=\"lazy\" decoding=\"async\" src=\"http:\/\/www.oppel.com.ar\/news\/wp-content\/uploads\/2017\/03\/ByHE_DV5l_720x0.jpg\" alt=\"ByHE_DV5l_720x0\" width=\"720\" height=\"459\" class=\"aligncenter size-full wp-image-166\" srcset=\"https:\/\/www.oppel.com.ar\/news\/wp-content\/uploads\/2017\/03\/ByHE_DV5l_720x0.jpg 720w, https:\/\/www.oppel.com.ar\/news\/wp-content\/uploads\/2017\/03\/ByHE_DV5l_720x0-300x191.jpg 300w\" sizes=\"(max-width: 720px) 100vw, 720px\" \/><\/p>\n<p>Mir\u00e1 el video de la premiaci\u00f3n 2016:<\/p>\n<p><iframe loading=\"lazy\" width=\"609\" height=\"270\" src=\"https:\/\/www.youtube.com\/embed\/jbmT58iFBjU\" frameborder=\"0\" allowfullscreen><\/iframe><\/p>\n<p>La ceremonia de premiaci\u00f3n se realizar\u00e1 en mayo, donde XX recibir\u00e1 el premio de 100 mil d\u00f3lares y una medalla de honor. <\/p>\n<p>Fuente: Clar\u00edn  <\/p>\n","protected":false},"excerpt":{"rendered":"<p>El Pritzker, equivalente al Nobel de la arquitectura, fue para el estudio RCR Arquitectes, un equipo que trabaja principalmente en su pueblo natal. Los catalanes del estudio RCR Arquitectes ganaron el Premio Pritzker 2017. Sin errores ni bloopers, como pas\u00f3 el domingo pasado con los Oscar, el jurado di\u00f3 a conocer su nombre, lo que [&hellip;]<\/p>\n","protected":false},"author":1,"featured_media":164,"comment_status":"open","ping_status":"open","sticky":false,"template":"","format":"standard","meta":{"footnotes":""},"categories":[1],"tags":[],"_links":{"self":[{"href":"https:\/\/www.oppel.com.ar\/news\/wp-json\/wp\/v2\/posts\/163"}],"collection":[{"href":"https:\/\/www.oppel.com.ar\/news\/wp-json\/wp\/v2\/posts"}],"about":[{"href":"https:\/\/www.oppel.com.ar\/news\/wp-json\/wp\/v2\/types\/post"}],"author":[{"embeddable":true,"href":"https:\/\/www.oppel.com.ar\/news\/wp-json\/wp\/v2\/users\/1"}],"replies":[{"embeddable":true,"href":"https:\/\/www.oppel.com.ar\/news\/wp-json\/wp\/v2\/comments?post=163"}],"version-history":[{"count":2,"href":"https:\/\/www.oppel.com.ar\/news\/wp-json\/wp\/v2\/posts\/163\/revisions"}],"predecessor-version":[{"id":913,"href":"https:\/\/www.oppel.com.ar\/news\/wp-json\/wp\/v2\/posts\/163\/revisions\/913"}],"wp:featuredmedia":[{"embeddable":true,"href":"https:\/\/www.oppel.com.ar\/news\/wp-json\/wp\/v2\/media\/164"}],"wp:attachment":[{"href":"https:\/\/www.oppel.com.ar\/news\/wp-json\/wp\/v2\/media?parent=163"}],"wp:term":[{"taxonomy":"category","embeddable":true,"href":"https:\/\/www.oppel.com.ar\/news\/wp-json\/wp\/v2\/categories?post=163"},{"taxonomy":"post_tag","embeddable":true,"href":"https:\/\/www.oppel.com.ar\/news\/wp-json\/wp\/v2\/tags?post=163"}],"curies":[{"name":"wp","href":"https:\/\/api.w.org\/{rel}","templated":true}]}}