{"id":183,"date":"2017-04-20T13:29:52","date_gmt":"2017-04-20T16:29:52","guid":{"rendered":"http:\/\/www.oppel.com.ar\/news\/?p=183"},"modified":"2018-08-16T14:02:52","modified_gmt":"2018-08-16T17:02:52","slug":"estilo-pilar-2017-nuevas-tendencias-en-diseno","status":"publish","type":"post","link":"https:\/\/www.oppel.com.ar\/news\/estilo-pilar-2017-nuevas-tendencias-en-diseno\/","title":{"rendered":"Estilo Pilar 2017: nuevas tendencias en dise\u00f1o"},"content":{"rendered":"<p>En el country Puertos de Escobar, la muestra de dise\u00f1o se realiza dentro de containers, dise\u00f1adores se ocuparon de la ambientaci\u00f3n interior y paisajistas del exterior.<\/p>\n<p>Bajo la consigna Picinic abri\u00f3 sus puertas la 15\u00aa edici\u00f3n de la Estilo Pilar, la exposici\u00f3n de decoraci\u00f3n, arte y paisajismo. La sede elegida es un emprendimiento de Eduardo Costantini ubicado en Escobar: Puertos. Para aprovechar al m\u00e1ximo el entorno natural, en esta oportunidad los espacios fueron armados en containers, donde arquitectos se encargaron de construir una especie de casa, dise\u00f1adores se ocuparon de la ambientaci\u00f3n interior y paisajistas del exterior. En algunos casos, se usaron dos o tres y en varios se eligi\u00f3 la sustentabilidad como eje, como la casa que en sus techos posee paneles solares y e\u00f3licos que permiten generar su propia energ\u00eda.<\/p>\n<p><!--more--><\/p>\n<p><img loading=\"lazy\" decoding=\"async\" src=\"http:\/\/www.oppel.com.ar\/news\/wp-content\/uploads\/2017\/04\/SkmNKdUag_720x0.jpg\" alt=\"SkmNKdUag_720x0\" width=\"720\" height=\"480\" class=\"aligncenter size-full wp-image-184\" srcset=\"https:\/\/www.oppel.com.ar\/news\/wp-content\/uploads\/2017\/04\/SkmNKdUag_720x0.jpg 720w, https:\/\/www.oppel.com.ar\/news\/wp-content\/uploads\/2017\/04\/SkmNKdUag_720x0-300x200.jpg 300w\" sizes=\"(max-width: 720px) 100vw, 720px\" \/><br \/>\nDise\u00f1o. En el espacio de Cest Moi, ideado para una mam\u00e1 que vive sola con su hijo, en una pared inteirior se coloc\u00f3 un jard\u00edn vertical.<\/p>\n<p>A la hora de dise\u00f1ar el masterplan de la muestra se tuvo en cuenta el movimiento de los meandros del agua, de la naturaleza, para que sea un espacio ameno, divertido, con recorrido y respetando las l\u00edneas del lugar. \u201cEstilo Pilar es una exposici\u00f3n comprometida con el entorno y mirando al futuro. Este a\u00f1o elegimos el concepto Picnic, porque lo rescatamos de la \u00e9poca de la Revoluci\u00f3n Francesa donde tuvo su auge, ya que la gente se reun\u00eda en las plazas y espacios p\u00fablicos para compartir un momento amable con amigos y estar en contacto con la naturaleza\u201d, explica Mercy Menditeguy, responsable del sector Decoraci\u00f3n.<\/p>\n<p><img loading=\"lazy\" decoding=\"async\" src=\"http:\/\/www.oppel.com.ar\/news\/wp-content\/uploads\/2017\/04\/H1yp_uITx_720x0.jpg\" alt=\"H1yp_uITx_720x0\" width=\"720\" height=\"480\" class=\"aligncenter size-full wp-image-185\" srcset=\"https:\/\/www.oppel.com.ar\/news\/wp-content\/uploads\/2017\/04\/H1yp_uITx_720x0.jpg 720w, https:\/\/www.oppel.com.ar\/news\/wp-content\/uploads\/2017\/04\/H1yp_uITx_720x0-300x200.jpg 300w\" sizes=\"(max-width: 720px) 100vw, 720px\" \/><br \/>\nSustentable. Una casa con techos con paneles solares y e\u00f3licos que permiten generar su propia energ\u00eda (Qubify)<\/p>\n<p>El arte tambi\u00e9n est\u00e1 como siempre presente acompa\u00f1ando con obras de artistas. Se montaron land art, esculturas y pinturas en exterior e interior tambi\u00e9n dentro de containers en forma de galer\u00eda para poder recorrer y disfrutar de shop de arte.<\/p>\n<p>La propuesta de Estilo Pilar se completa con un paseo de compras y garden walk que ofrece objetos, accesorios y productos de todo tipo: desde mobiliario para al jard\u00edn hasta almohadones con dise\u00f1o. Tambi\u00e9n el cl\u00e1sico patio de comidas con los ya conocidos food trucks dando lugar a un rato de relax y disfrute a lo largo del paseo.<\/p>\n<p><img loading=\"lazy\" decoding=\"async\" src=\"http:\/\/www.oppel.com.ar\/news\/wp-content\/uploads\/2017\/04\/HkzXY_Iae_720x0.jpg\" alt=\"HkzXY_Iae_720x0\" width=\"720\" height=\"480\" class=\"aligncenter size-full wp-image-186\" srcset=\"https:\/\/www.oppel.com.ar\/news\/wp-content\/uploads\/2017\/04\/HkzXY_Iae_720x0.jpg 720w, https:\/\/www.oppel.com.ar\/news\/wp-content\/uploads\/2017\/04\/HkzXY_Iae_720x0-300x200.jpg 300w\" sizes=\"(max-width: 720px) 100vw, 720px\" \/><br \/>\nDetalle. En la pared se coloc\u00f3 una placa de madera que se rutea (cala) con el dise\u00f1o que se desea. Los dise\u00f1adores Carla Belussi y C\u00e9sar Stivaletta usar<\/p>\n<p>La muestra de interiorismo est\u00e1 organizada por la Asociaci\u00f3n Amigos del Pilar con el objetivo de recaudar fondos para equipar los consultorios odontol\u00f3gicos pedi\u00e1tricos que posee la entidad para la atenci\u00f3n de ni\u00f1os con escasos recursos econ\u00f3micos.<\/p>\n<p>El country Puertos est\u00e1 ubicado en el kil\u00f3metro 45 de la Panamericana ramal Escobar. La muestra podr\u00e1 visitarse hasta el 23 de abril , mi\u00e9rcoles, jueves y domingos de 11 a 18 y viernes, s\u00e1bados y v\u00edsperas de feriados de 11 a 19. de jueves a domingos de 11 a 18. Entrada general: $ 180.<\/p>\n<p>Fuente: Clar\u00edn  <\/p>\n","protected":false},"excerpt":{"rendered":"<p>En el country Puertos de Escobar, la muestra de dise\u00f1o se realiza dentro de containers, dise\u00f1adores se ocuparon de la ambientaci\u00f3n interior y paisajistas del exterior. Bajo la consigna Picinic abri\u00f3 sus puertas la 15\u00aa edici\u00f3n de la Estilo Pilar, la exposici\u00f3n de decoraci\u00f3n, arte y paisajismo. La sede elegida es un emprendimiento de Eduardo [&hellip;]<\/p>\n","protected":false},"author":1,"featured_media":187,"comment_status":"open","ping_status":"open","sticky":false,"template":"","format":"standard","meta":{"footnotes":""},"categories":[1],"tags":[],"_links":{"self":[{"href":"https:\/\/www.oppel.com.ar\/news\/wp-json\/wp\/v2\/posts\/183"}],"collection":[{"href":"https:\/\/www.oppel.com.ar\/news\/wp-json\/wp\/v2\/posts"}],"about":[{"href":"https:\/\/www.oppel.com.ar\/news\/wp-json\/wp\/v2\/types\/post"}],"author":[{"embeddable":true,"href":"https:\/\/www.oppel.com.ar\/news\/wp-json\/wp\/v2\/users\/1"}],"replies":[{"embeddable":true,"href":"https:\/\/www.oppel.com.ar\/news\/wp-json\/wp\/v2\/comments?post=183"}],"version-history":[{"count":5,"href":"https:\/\/www.oppel.com.ar\/news\/wp-json\/wp\/v2\/posts\/183\/revisions"}],"predecessor-version":[{"id":909,"href":"https:\/\/www.oppel.com.ar\/news\/wp-json\/wp\/v2\/posts\/183\/revisions\/909"}],"wp:featuredmedia":[{"embeddable":true,"href":"https:\/\/www.oppel.com.ar\/news\/wp-json\/wp\/v2\/media\/187"}],"wp:attachment":[{"href":"https:\/\/www.oppel.com.ar\/news\/wp-json\/wp\/v2\/media?parent=183"}],"wp:term":[{"taxonomy":"category","embeddable":true,"href":"https:\/\/www.oppel.com.ar\/news\/wp-json\/wp\/v2\/categories?post=183"},{"taxonomy":"post_tag","embeddable":true,"href":"https:\/\/www.oppel.com.ar\/news\/wp-json\/wp\/v2\/tags?post=183"}],"curies":[{"name":"wp","href":"https:\/\/api.w.org\/{rel}","templated":true}]}}