{"id":219,"date":"2017-05-03T11:57:15","date_gmt":"2017-05-03T14:57:15","guid":{"rendered":"http:\/\/www.oppel.com.ar\/news\/?p=219"},"modified":"2018-08-16T14:02:04","modified_gmt":"2018-08-16T17:02:04","slug":"en-2017-habra-mas-obras-que-nunca-en-la-historia-de-pilar","status":"publish","type":"post","link":"https:\/\/www.oppel.com.ar\/news\/en-2017-habra-mas-obras-que-nunca-en-la-historia-de-pilar\/","title":{"rendered":"\u201cEn 2017 habr\u00e1 m\u00e1s obras que nunca en la historia de Pilar\u201d"},"content":{"rendered":"<p>\u2022 DESTAC\u00d3 EL DI\u00c1LOGO CON LOS JEFES COMUNALES DE LOS PARTIDOS VECINOS QUE SON DE OTRO PARTIDO POL\u00cdTICO<br \/>\nDurante su visita al diario \u00c1mbito Financiero, el intendente de Pilar, Nicol\u00e1s Ducot\u00e9, reconoci\u00f3 que su primer a\u00f1o de gesti\u00f3n le cost\u00f3 \u201cponer en funcionamiento al Estado\u201d. Y conf\u00eda en que este a\u00f1o se \u201crecoger\u00e1n los frutos\u201d.<\/p>\n<p><!--more--><\/p>\n<p><img loading=\"lazy\" decoding=\"async\" src=\"http:\/\/www.oppel.com.ar\/news\/wp-content\/uploads\/2017\/05\/not_879211_12_203648_g001.jpg\" alt=\"Nicolas Ducote Pilar  30-03-17 foto ignacio petunchi\" width=\"1000\" height=\"540\" class=\"size-full wp-image-220\" srcset=\"https:\/\/www.oppel.com.ar\/news\/wp-content\/uploads\/2017\/05\/not_879211_12_203648_g001.jpg 1000w, https:\/\/www.oppel.com.ar\/news\/wp-content\/uploads\/2017\/05\/not_879211_12_203648_g001-300x162.jpg 300w, https:\/\/www.oppel.com.ar\/news\/wp-content\/uploads\/2017\/05\/not_879211_12_203648_g001-768x415.jpg 768w\" sizes=\"(max-width: 1000px) 100vw, 1000px\" \/><\/p>\n<p>Nicol\u00e1s Ducot\u00e9 fue una de las grandes sorpresas en las elecciones en las que Cambiemos modific\u00f3 el mapa pol\u00edtico argentino. En 2016, en su primer a\u00f1o de gesti\u00f3n como intendente de Pilar sufri\u00f3 cr\u00edticas. &#8220;Nos cost\u00f3 poner en funcionamiento todo el aparato del Estado&#8221;, reconoce en di\u00e1logo con Municipios durante su visita al diario \u00c1mbito Financiero.<\/p>\n<p>Cuenta que en el distrito hay cuestiones complejas como que el 87% de la poblaci\u00f3n no tiene cloacas, 76% no tiene agua de red y 77% no posee gas de red, y advierte que &#8220;esas cosas van a llevar tiempo&#8221;. Sin embargo, el jefe comunal afirma que este a\u00f1o se van a recoger los frutos del trabajo realizado en 2016 y asegura que se ver\u00e1n &#8220;muchas m\u00e1s obras de las que nunca se hicieron en la historia de Pilar&#8221;.<\/p>\n<p>El a\u00f1o electoral atraviesa la vida pol\u00edtica y social del pa\u00eds. Ducot\u00e9 lo sabe y se prepara: &#8220;Nos presenta el enorme desaf\u00edo de administrar el Gobierno y adem\u00e1s encarar una campa\u00f1a electoral exigente&#8221;. Pese al reto, el intendente de Pilar conf\u00eda en el resultado de los comicios de medio t\u00e9rmino: &#8220;Estoy seguro que estas elecciones nos van a ver nuevamente con un resultado muy favorable&#8221;.<\/p>\n<p>Periodista: \u00bfQu\u00e9 balance hace de los primeros 15 meses de gesti\u00f3n?<\/p>\n<p>Nicol\u00e1s Ducot\u00e9: Fueron 15 meses de arreglar muchas cosas que supon\u00edamos estaban m\u00e1s firmes. Nos cost\u00f3 poner en funcionamiento todo el aparato del Estado en cuestiones tan b\u00e1sicas como licitaciones y lograr capacidad t\u00e9cnica para llevar adelante proyectos grandes como en hidr\u00e1ulica. La otra cuesti\u00f3n es que la gesti\u00f3n anterior hac\u00eda una inversi\u00f3n muy grande en aspectos que nosotros decidimos ajustar, como el bacheo que decidimos invertir en otros problemas por ah\u00ed menos visibles como que tenemos 3.000 chicos sin vacantes por lo que decidimos hacer o ampliar escuelas, vamos a crear en dos a\u00f1os 1.500 vacantes, es la primera vez en 16 a\u00f1os que eso sucede en Pilar, tambi\u00e9n bajamos el \u00edndice de mortalidad, est\u00e1bamos en los peores \u00edndices de la provincia con un 13 por mil de mortalidad y lo bajamos un 30%. Tambi\u00e9n abrimos siete carreras universitarias nuevas. Hay cuestiones en Pilar que son complejas como que el 87% de la poblaci\u00f3n no tiene cloacas, 76% no tiene agua de red y 77% no tiene gas de red, esas cosas van a llevar tiempo, pero hicimos mucho trabajo y este a\u00f1o vamos a recoger los frutos con muchas m\u00e1s obras de las que nunca se hicieron en la historia de Pilar.<\/p>\n<p>P.: \u00bfCu\u00e1les son los objetivos?<\/p>\n<p>N.D.: Este a\u00f1o definimos 35 compromisos de gobierno a tres a\u00f1os, con indicadores concretos en cada una de las \u00e1reas fuertes. Que Pilar te cuide, la seguridad, el medio ambiente y la salud. Queremos llegar a las 1.000 c\u00e1maras de las 250 que hab\u00eda cuando asumimos, tener muchos m\u00e1s patrulleros y tener un anillo de seguridad, para garantizar un estado de prevenci\u00f3n. Adem\u00e1s hacer obras de infraestructura como la transitabilidad de calles, Pilar tiene 9.500 cuadras de tierra urbana, y cuando llueve es intransitable, este a\u00f1o vamos a hacer 400 cuadras de asfalto, que es m\u00e1s de lo que nunca se hizo en la historia y nos proponemos hacer 150 kil\u00f3metros de vereda en tres a\u00f1os y modernizar el Estado municipal.<\/p>\n<p>P.: \u00bfC\u00f3mo utilizaron el Fondo de Infraestructura Municipal?<\/p>\n<p>N.D.: Recibimos $200 millones y $60 millones en seguridad, eso nos permiti\u00f3 generar un nuevo centro de monitoreo y de control del sistema de seguridad. Tenemos efectivos de cinco fuerzas policiales diferentes e integramos todo. El resto, $140 millones, fue a obras para avanzar en la transitabilidad de las calles, e hicimos 33 obras de enlace que permiten escurrir el agua hacia los arroyos, y de los arroyos al r\u00edo. Hasta que la provincia no solucione la problem\u00e1tica del r\u00edo Luj\u00e1n el agua no tiene a d\u00f3nde ir. Es un tema que tenemos que articular todos los municipios de la cuenca con la provincia, y \u00e9stas son obras que no se ven pero que estamos haciendo. Tambi\u00e9n mejoramos mucho en el tema de salud.<\/p>\n<p>P.: \u00bfC\u00f3mo se trabaja en la integraci\u00f3n urbana en un distrito como Pilar con perfiles tan variados?<\/p>\n<p>N.D.: Es una respuesta que tiene dos consideraciones. Por un lado, Pilar es una tierra de oportunidades enorme, el parque industrial m\u00e1s grande de la Argentina, la mayor cantidad de espacios recreativos, es un lugar que ha logrado servicios residenciales, tenemos m\u00e1s escuelas p\u00fablicas y privadas que cualquier otro lugar del conurbano, tenemos cinco universidades. Es un lugar bueno para vivir pero que no tuvo planificaci\u00f3n y ordenamiento territorial. Eso gener\u00f3 una enorme inequidad, tenemos un 30% de la poblaci\u00f3n que vive en barrios privados y una enorme cantidad de gente que no tiene cubiertas las necesidades b\u00e1sicas, nuestro desaf\u00edo es achicar la brecha, ordenar el despliegue territorial, Pilar tiene un c\u00f3digo del a\u00f1o 1986. Firmamos un convenio con la Facultad de Arquitectura y Urbanismo de la UBA para encarar un proceso de ordenamiento urbano que termine en un nuevo c\u00f3digo el a\u00f1o que viene. Tenemos un lugar log\u00edstico privilegiado, con seis rutas que pasan por el distrito, tres v\u00edas f\u00e9rreas, estamos a kil\u00f3metros de Z\u00e1rate-Campana, y es un lugar que est\u00e1 cerca de Buenos Aires. Pilar puede volver a ser muy fuerte en lo residencial, en los \u00faltimos seis a\u00f1os perdimos la carrera con otros distritos, con ordenamiento urbano poniendo en claro cu\u00e1nto cuestan los tr\u00e1mites, cu\u00e1les son los requisitos y cu\u00e1nto tiempo tarda, y a eso sumarle ser un polo de servicios para la regi\u00f3n, como por ejemplo, un polo educativo regional.<\/p>\n<p>P.: Hizo cambios en el gabinete municipal e incorpor\u00f3 a dirigentes peronistas, \u00bfpor qu\u00e9?<\/p>\n<p>N.D.: Uno tiene que gobernar con objetivos medibles. En el an\u00e1lisis de mi gesti\u00f3n, el a\u00f1o pasado evaluamos a todos los funcionarios que asumieron el desaf\u00edo de venir a servir en Pilar y hubo casos que revisamos. Yo le di una oportunidad de trabajo a un equipo pero soy muy exigente con los resultados y llegado fin de a\u00f1o hicimos unos 32 cambios en los lugares en donde no conseguimos los resultados que esper\u00e1bamos nosotros y los vecinos. Muchas veces para los cambios lo m\u00e1s importante no es mirar en donde milit\u00f3 sino elegir a los mejores. A mis empleados municipales no les voy a pedir que vayan a un acto como hac\u00eda la gesti\u00f3n anterior, mientras hagan bien su trabajo pueden militar en donde quieran. Quiero conformar el mejor equipo de Gobierno de Pilar.<\/p>\n<p>P.: \u00bfQu\u00e9 balance hace de Cambiemos?<\/p>\n<p>N.D.: Para todos fue un primer a\u00f1o dif\u00edcil, el 2016 fue nuestro peor a\u00f1o de gesti\u00f3n a nivel municipal, provincial y nacional, cada uno fue adquiriendo m\u00e1s experiencia y fue aprendiendo de los errores y fue corrigiendo. Toda esa experiencia ganada es experiencia que este a\u00f1o se vuelca al vecino y las cosas que estamos haciendo en conjunto. Cuando uno mira el pasado no hay experiencia de un Gobierno nacional que haya trabajado tan de cerca con un Gobierno provincial, s\u00famale la Ciudad de Buenos Aires del mismo color pol\u00edtico y<\/p>\n<p>eso permite abordar problem\u00e1ticas metropolitanas con otra l\u00f3gica.<\/p>\n<p>P.: Que 2017 sea un a\u00f1o electoral \u00bfmodifica la gesti\u00f3n?<\/p>\n<p>N.D.: Creo que el primer semestre nos vamos a volcar de lleno a satisfacer mucho las demandas de gesti\u00f3n que hab\u00eda, hay muchas obras que se armaron y licitaron el a\u00f1o pasado que ahora est\u00e1n comenzando. El segundo semestre, por como est\u00e1 configurada nuestra democracia, nos presenta el enorme desaf\u00edo de administrar el Gobierno y adem\u00e1s encarar una campa\u00f1a electoral exigente. El 48% de la gente que me dio la posibilidad de ser intendente, no los puedo dar por sentados, tengo que estar cerca de los vecinos y hacer m\u00e1s de lo que nunca se hizo. Si logramos eso, estoy seguro que estas elecciones nos van a ver nuevamente con un resultado muy favorable.<\/p>\n<p>P.: \u00bfC\u00f3mo analiza la marcha del Foro de intendentes de Cambiemos?<\/p>\n<p>N.D.: Tenemos que balancear en este a\u00f1o los debates de pol\u00edticas p\u00fablicas y lo partidario. La prioridad que le ponemos a la gesti\u00f3n y a la vez el reconocimiento de que como espacio pol\u00edtico tenemos un enorme desaf\u00edo por delante. Somos 70 intendentes que nos venimos reuniendo, generando resultados en las buenas pr\u00e1cticas, adem\u00e1s de activar algunas iniciativas en conjunto.<\/p>\n<p>P.: \u00bfC\u00f3mo es la relaci\u00f3n con sus colegas de la UCR?<\/p>\n<p>N.D.: A nosotros nos toca gobernar distritos grandes del conurbano con una enorme deuda social, a muchos de nuestros colegas radicales les toca gobernar distritos del interior de la provincia, son m\u00e1s en cantidad pero poblaciones m\u00e1s chicas, y si bien tenemos realidades diferentes hay problem\u00e1ticas que nos atraviesan a todos. Intercambiamos experiencias y nos ayudamos unos a otros. Por otra parte, el radicalismo tiene un buen lugar en el Gobierno de Pilar.<\/p>\n<p>P.: \u00bfCree que los jefes comunales deben tener participaci\u00f3n en el armado de las listas para las elecciones?<\/p>\n<p>N.D.: Para los intendentes que estamos en nuestro primer mandato el foco fuerte va a estar puesto en nuestra propia capacidad local para darle lugar a otros dirigentes con m\u00e1s trayectoria como Jorge Macri o Gustavo Posse para ocuparse de temas seccionales. Frente a muchos cr\u00edticos que dijeron que Cambiemos era s\u00f3lo un frente electoral pudimos demostrar que lo sostuvimos en la gesti\u00f3n. Adem\u00e1s nos da una muy buena oportunidad la experiencia que estamos teniendo de empezar a proyectar un esquema de trabajo mancomunado con el lanzamiento de mesas de Cambiemos en casi todos los distritos, cuando el peronismo a\u00fan no puede ponerse de acuerdo en cu\u00e1les con las l\u00edneas internas, si va a jugar Cristina o no. Este a\u00f1o nos va a mostrar a nosotros unidos y al peronismo indefectiblemente dividido.<\/p>\n<p>Fuente: Ambito.com  <\/p>\n","protected":false},"excerpt":{"rendered":"<p>\u2022 DESTAC\u00d3 EL DI\u00c1LOGO CON LOS JEFES COMUNALES DE LOS PARTIDOS VECINOS QUE SON DE OTRO PARTIDO POL\u00cdTICO Durante su visita al diario \u00c1mbito Financiero, el intendente de Pilar, Nicol\u00e1s Ducot\u00e9, reconoci\u00f3 que su primer a\u00f1o de gesti\u00f3n le cost\u00f3 \u201cponer en funcionamiento al Estado\u201d. Y conf\u00eda en que este a\u00f1o se \u201crecoger\u00e1n los frutos\u201d.<\/p>\n","protected":false},"author":1,"featured_media":221,"comment_status":"open","ping_status":"open","sticky":false,"template":"","format":"standard","meta":{"footnotes":""},"categories":[1],"tags":[],"_links":{"self":[{"href":"https:\/\/www.oppel.com.ar\/news\/wp-json\/wp\/v2\/posts\/219"}],"collection":[{"href":"https:\/\/www.oppel.com.ar\/news\/wp-json\/wp\/v2\/posts"}],"about":[{"href":"https:\/\/www.oppel.com.ar\/news\/wp-json\/wp\/v2\/types\/post"}],"author":[{"embeddable":true,"href":"https:\/\/www.oppel.com.ar\/news\/wp-json\/wp\/v2\/users\/1"}],"replies":[{"embeddable":true,"href":"https:\/\/www.oppel.com.ar\/news\/wp-json\/wp\/v2\/comments?post=219"}],"version-history":[{"count":3,"href":"https:\/\/www.oppel.com.ar\/news\/wp-json\/wp\/v2\/posts\/219\/revisions"}],"predecessor-version":[{"id":902,"href":"https:\/\/www.oppel.com.ar\/news\/wp-json\/wp\/v2\/posts\/219\/revisions\/902"}],"wp:featuredmedia":[{"embeddable":true,"href":"https:\/\/www.oppel.com.ar\/news\/wp-json\/wp\/v2\/media\/221"}],"wp:attachment":[{"href":"https:\/\/www.oppel.com.ar\/news\/wp-json\/wp\/v2\/media?parent=219"}],"wp:term":[{"taxonomy":"category","embeddable":true,"href":"https:\/\/www.oppel.com.ar\/news\/wp-json\/wp\/v2\/categories?post=219"},{"taxonomy":"post_tag","embeddable":true,"href":"https:\/\/www.oppel.com.ar\/news\/wp-json\/wp\/v2\/tags?post=219"}],"curies":[{"name":"wp","href":"https:\/\/api.w.org\/{rel}","templated":true}]}}