{"id":234,"date":"2017-05-17T15:42:28","date_gmt":"2017-05-17T18:42:28","guid":{"rendered":"http:\/\/www.oppel.com.ar\/news\/?p=234"},"modified":"2018-08-16T14:01:41","modified_gmt":"2018-08-16T17:01:41","slug":"10-claves-de-la-ley-de-alquileres-que-se-discute-en-el-congreso","status":"publish","type":"post","link":"https:\/\/www.oppel.com.ar\/news\/10-claves-de-la-ley-de-alquileres-que-se-discute-en-el-congreso\/","title":{"rendered":"10 claves de la Ley de Alquileres que se discute en el Congreso"},"content":{"rendered":"<p>La C\u00e1mara de Diputados discute el proyecto que se aprob\u00f3 en el Senado. Cu\u00e1les son los principales puntos que se plantean y en qu\u00e9 se modifica la iniciativa original.<\/p>\n<p>Los aspectos principales de la ley que en noviembre del a\u00f1o pasado el Senado aprob\u00f3 -por unanimidad- para modificar el C\u00f3digo Civil y Comercial y regular el precio de los alquileres, y que ahora se discute en Diputados.<\/p>\n<p><!--more--><\/p>\n<p>1) La iniciativa se tiene que debatir en la Comisi\u00f3n de Legislaci\u00f3n General, que preside el oficialista Daniel Lipovetsky, quien a su vez present\u00f3 un nuevo proyecto para modificar y ampliar la norma que se aprob\u00f3 en la C\u00e1mara Alta, que fue presentada por la senadora Silvina Garc\u00eda Larraburu y que cont\u00f3 con el respaldo de las asociaciones de inquilinos.<\/p>\n<p>2) Plazos de los contratos: la ley original prev\u00e9 que la renovaci\u00f3n de los contratos se realice cada tres a\u00f1os. En tanto, el oficialismo plantea que se mantenga como en la actualidad, cada dos a\u00f1os.<\/p>\n<p>3) Aumentos: el texto que fue aprobado en el Senado dispone incrementos anuales, y que el monto sea un promedio entre el \u00cdndice del Precio al Consumidor (IPC) y el Coeficiente de Variaci\u00f3n Salarial (CVS), si la inflaci\u00f3n es mayor al 10%. El oficialismo tambi\u00e9n plantea que los aumentos sean, al menos, anuales, pero toma como referencia el CVS para los alquileres hasta los $15.657.<\/p>\n<p><img loading=\"lazy\" decoding=\"async\" src=\"http:\/\/www.oppel.com.ar\/news\/wp-content\/uploads\/2017\/05\/Venta-alquileres-1920-13.jpg\" alt=\"Venta-alquileres-1920-13\" width=\"600\" height=\"337\" class=\"aligncenter size-full wp-image-236\" srcset=\"https:\/\/www.oppel.com.ar\/news\/wp-content\/uploads\/2017\/05\/Venta-alquileres-1920-13.jpg 600w, https:\/\/www.oppel.com.ar\/news\/wp-content\/uploads\/2017\/05\/Venta-alquileres-1920-13-300x169.jpg 300w\" sizes=\"(max-width: 600px) 100vw, 600px\" \/><\/p>\n<p>4) Devoluci\u00f3n del dep\u00f3sito: en ambos casos, se establece que se reintegra al momento de entregar la llave, pero actualizado a un valor equivalente al \u00faltimo mes de alquiler.<\/p>\n<p>5) Comisi\u00f3n de las inmobiliarias: no deber\u00e1 ser superior a un mes de alquiler.<\/p>\n<p>6) Expensas: las expensas extraordinarias en ning\u00fan caso podr\u00e1n correr por cuenta del inquilino.<\/p>\n<p>7) Garant\u00eda: el oficialismo incorpor\u00f3 en su proyecto un apartado en el cual obliga al Estado nacional a subsidiar (en los casos de alquileres sociales) el monto total o parcial de la garant\u00eda y los gastos de ingreso.<\/p>\n<p>8) Rescisi\u00f3n de contrato: elimina el plazo de seis meses para que el inquilino pueda rescindir el contrato sin causa. Las partes est\u00e1n obligadas a acordar o no la renovaci\u00f3n del contrato sesenta d\u00edas antes del vencimiento de la locaci\u00f3n.<\/p>\n<p><img loading=\"lazy\" decoding=\"async\" src=\"http:\/\/www.oppel.com.ar\/news\/wp-content\/uploads\/2017\/05\/Venta-alquileres-1920-6.jpg\" alt=\"Venta-alquileres-1920-6\" width=\"600\" height=\"337\" class=\"aligncenter size-full wp-image-237\" srcset=\"https:\/\/www.oppel.com.ar\/news\/wp-content\/uploads\/2017\/05\/Venta-alquileres-1920-6.jpg 600w, https:\/\/www.oppel.com.ar\/news\/wp-content\/uploads\/2017\/05\/Venta-alquileres-1920-6-300x169.jpg 300w\" sizes=\"(max-width: 600px) 100vw, 600px\" \/><\/p>\n<p>9) R\u00e9gimen de Fomento: otro punto que introduce el oficialismo. Plantea la construcci\u00f3n de inmuebles para destinarlos a cubrir la necesidad de alquilar una vivienda por parte de un sector de la propiedad. Entre otros puntos, dispone otorgar beneficios impositivos (la deducci\u00f3n del impuesto a las ganancias no mayor al 60% y la exenci\u00f3n del impuesto a las ganancias de las rentas por locaci\u00f3n) para inversiones destinadas a la construcci\u00f3n de vivienda com\u00fan o econ\u00f3mica destinada a la locaci\u00f3n de vivienda familiar permanente.<\/p>\n<p>10) Recorrido parlamentario: el pasado lunes se realiz\u00f3 la primera reuni\u00f3n de asesores en el marco de la Comisi\u00f3n de Legislaci\u00f3n General. Si se introducen modificaciones a la norma, el texto original deber\u00e1 regresar al Senado para que los senadores eval\u00faen los cambios.<\/p>\n<p>Fuente: Infobae  <\/p>\n","protected":false},"excerpt":{"rendered":"<p>La C\u00e1mara de Diputados discute el proyecto que se aprob\u00f3 en el Senado. Cu\u00e1les son los principales puntos que se plantean y en qu\u00e9 se modifica la iniciativa original. Los aspectos principales de la ley que en noviembre del a\u00f1o pasado el Senado aprob\u00f3 -por unanimidad- para modificar el C\u00f3digo Civil y Comercial y regular [&hellip;]<\/p>\n","protected":false},"author":1,"featured_media":235,"comment_status":"open","ping_status":"open","sticky":false,"template":"","format":"standard","meta":{"footnotes":""},"categories":[1],"tags":[],"_links":{"self":[{"href":"https:\/\/www.oppel.com.ar\/news\/wp-json\/wp\/v2\/posts\/234"}],"collection":[{"href":"https:\/\/www.oppel.com.ar\/news\/wp-json\/wp\/v2\/posts"}],"about":[{"href":"https:\/\/www.oppel.com.ar\/news\/wp-json\/wp\/v2\/types\/post"}],"author":[{"embeddable":true,"href":"https:\/\/www.oppel.com.ar\/news\/wp-json\/wp\/v2\/users\/1"}],"replies":[{"embeddable":true,"href":"https:\/\/www.oppel.com.ar\/news\/wp-json\/wp\/v2\/comments?post=234"}],"version-history":[{"count":3,"href":"https:\/\/www.oppel.com.ar\/news\/wp-json\/wp\/v2\/posts\/234\/revisions"}],"predecessor-version":[{"id":899,"href":"https:\/\/www.oppel.com.ar\/news\/wp-json\/wp\/v2\/posts\/234\/revisions\/899"}],"wp:featuredmedia":[{"embeddable":true,"href":"https:\/\/www.oppel.com.ar\/news\/wp-json\/wp\/v2\/media\/235"}],"wp:attachment":[{"href":"https:\/\/www.oppel.com.ar\/news\/wp-json\/wp\/v2\/media?parent=234"}],"wp:term":[{"taxonomy":"category","embeddable":true,"href":"https:\/\/www.oppel.com.ar\/news\/wp-json\/wp\/v2\/categories?post=234"},{"taxonomy":"post_tag","embeddable":true,"href":"https:\/\/www.oppel.com.ar\/news\/wp-json\/wp\/v2\/tags?post=234"}],"curies":[{"name":"wp","href":"https:\/\/api.w.org\/{rel}","templated":true}]}}