{"id":243,"date":"2017-05-17T15:45:18","date_gmt":"2017-05-17T18:45:18","guid":{"rendered":"http:\/\/www.oppel.com.ar\/news\/?p=243"},"modified":"2018-08-16T14:01:28","modified_gmt":"2018-08-16T17:01:28","slug":"elsztain-argentina-hoy-ofrece-la-mejor-oportunidad-de-inversion-de-sus-ultimos-25-anos","status":"publish","type":"post","link":"https:\/\/www.oppel.com.ar\/news\/elsztain-argentina-hoy-ofrece-la-mejor-oportunidad-de-inversion-de-sus-ultimos-25-anos\/","title":{"rendered":"Elsztain: &#8220;Argentina hoy ofrece la mejor oportunidad de inversi\u00f3n de sus \u00faltimos 25 a\u00f1os&#8221;"},"content":{"rendered":"<p>El Presidente de IRSA, Eduardo Elsztain, dijo que con los cambios impulsados por el Presidente Macri en la econom\u00eda, es el mejor momento para invertir en nuestro pa\u00eds.<\/p>\n<p>&#8220;Es dif\u00edcil expresar el valor que los cambios realizados por Macri est\u00e1n trayendo al pa\u00eds&#8221;, dijo Elsztain, al medio internacional Bloomberg, &#8220;Estamos ejecutando el programa de inversiones m\u00e1s agresivo de los \u00faltimos 25 a\u00f1os porque los valores siguen siendo bajos&#8221;.<\/p>\n<p><!--more--><\/p>\n<p>Tambi\u00e9n destac\u00f3 que la Argentina est\u00e1 siendo administrada por profesionales sofisticados y que los altos costos de endeudamiento en relaci\u00f3n a nuestros pa\u00edses vecinos han comenzado a disminuir despu\u00e9s de que el pa\u00eds sali\u00f3 de la quiebra el a\u00f1o pasado y puso como ejemplo que Paraguay y Bolivia han vendido bonos a tasas que estaban 200 puntos por debajo de lo que Argentina paga.<\/p>\n<p>&#8220;La Argentina debe seguir reduciendo su d\u00e9ficit fiscal, que fue el 4,6 por ciento del producto interno bruto en 2016, y luchar contra la inflaci\u00f3n de los precios&#8221; agreg\u00f3 el empresario desarrollador m\u00e1s importante de nuestro pa\u00eds.<\/p>\n<p>IRSA, efectivamente tiene varios proyectos en pleno desarrollo y otros en carpeta. La compa\u00f1\u00eda est\u00e1 construyendo dos proyectos de oficinas Premium: uno es el Dot Building Office Park, cerca del centro comercial en el barrio de Saavedra y otro edificio en Catalinas en donde prevee desembolsar 70 millones de d\u00f3lares en una torre de 29 plantas y cuatro niveles de subsuelos.<\/p>\n<p>Fuente: Comunidad Real Estate  <\/p>\n","protected":false},"excerpt":{"rendered":"<p>El Presidente de IRSA, Eduardo Elsztain, dijo que con los cambios impulsados por el Presidente Macri en la econom\u00eda, es el mejor momento para invertir en nuestro pa\u00eds. &#8220;Es dif\u00edcil expresar el valor que los cambios realizados por Macri est\u00e1n trayendo al pa\u00eds&#8221;, dijo Elsztain, al medio internacional Bloomberg, &#8220;Estamos ejecutando el programa de inversiones [&hellip;]<\/p>\n","protected":false},"author":1,"featured_media":244,"comment_status":"open","ping_status":"open","sticky":false,"template":"","format":"standard","meta":{"footnotes":""},"categories":[1],"tags":[],"_links":{"self":[{"href":"https:\/\/www.oppel.com.ar\/news\/wp-json\/wp\/v2\/posts\/243"}],"collection":[{"href":"https:\/\/www.oppel.com.ar\/news\/wp-json\/wp\/v2\/posts"}],"about":[{"href":"https:\/\/www.oppel.com.ar\/news\/wp-json\/wp\/v2\/types\/post"}],"author":[{"embeddable":true,"href":"https:\/\/www.oppel.com.ar\/news\/wp-json\/wp\/v2\/users\/1"}],"replies":[{"embeddable":true,"href":"https:\/\/www.oppel.com.ar\/news\/wp-json\/wp\/v2\/comments?post=243"}],"version-history":[{"count":2,"href":"https:\/\/www.oppel.com.ar\/news\/wp-json\/wp\/v2\/posts\/243\/revisions"}],"predecessor-version":[{"id":897,"href":"https:\/\/www.oppel.com.ar\/news\/wp-json\/wp\/v2\/posts\/243\/revisions\/897"}],"wp:featuredmedia":[{"embeddable":true,"href":"https:\/\/www.oppel.com.ar\/news\/wp-json\/wp\/v2\/media\/244"}],"wp:attachment":[{"href":"https:\/\/www.oppel.com.ar\/news\/wp-json\/wp\/v2\/media?parent=243"}],"wp:term":[{"taxonomy":"category","embeddable":true,"href":"https:\/\/www.oppel.com.ar\/news\/wp-json\/wp\/v2\/categories?post=243"},{"taxonomy":"post_tag","embeddable":true,"href":"https:\/\/www.oppel.com.ar\/news\/wp-json\/wp\/v2\/tags?post=243"}],"curies":[{"name":"wp","href":"https:\/\/api.w.org\/{rel}","templated":true}]}}