{"id":247,"date":"2017-06-01T17:17:54","date_gmt":"2017-06-01T20:17:54","guid":{"rendered":"http:\/\/www.oppel.com.ar\/news\/?p=247"},"modified":"2018-08-16T14:01:21","modified_gmt":"2018-08-16T17:01:21","slug":"primeros-apuntes-del-salon-de-madrid","status":"publish","type":"post","link":"https:\/\/www.oppel.com.ar\/news\/primeros-apuntes-del-salon-de-madrid\/","title":{"rendered":"Primeros apuntes del sal\u00f3n de Madrid"},"content":{"rendered":"<p>Los protagonistas del sector tuvieron una semana movida en el viejo continente. M\u00e1s de 100 referentes de la industria local participaron del sal\u00f3n inmobiliario de Madrid (SIMA) que arranc\u00f3 el 25 de mayo. Si bien el d\u00eda clave fue el viernes, jornada en la que los argentinos tuvieron expusieron las oportunidades que presenta el mercado local; los ciclos de conferencias del mi\u00e9rcoles y el jueves fueron fuente de inspiraci\u00f3n para los empresarios.<\/p>\n<p><!--more--><\/p>\n<p>El an\u00e1lisis del ciclo que vivi\u00f3 el sector en Espa\u00f1a: el florecimiento entre 1990 y 2007 con un crecimiento a un ritmo del 6 por ciento anual, la burbuja de precios, la posterior debacle con el quiebre de la mayor\u00eda de los desarrolladores locales, el papel de las entidades financieras, el surgimiento de un banco &#8220;malo&#8221; que se qued\u00f3 con todos los activos, -las tierras y los proyectos en proceso de aprobaci\u00f3n- y c\u00f3mo fue el proceso de resurgimiento fueron temas que captaron la atenci\u00f3n de los asistentes.<\/p>\n<p>Muchos de ellos -aclarando que la crisis inmobiliaria local de los \u00faltimos a\u00f1os no tuvo similitud con el pasado espa\u00f1ol- se entusiasmaron al entender que sin necesidad de vivir semejante crisis, el mercado local va camino a utilizar las mismas herramientas que sacaron a los ladrillos espa\u00f1oles del pozo: el mercado de capitales como fuente de financiamiento, la llegada de los fondos de inversi\u00f3n extranjeros y la profesionalizaci\u00f3n de una industria en la que ya no hay espacio para improvisados. &#8220;Hoy no basta con tener olfato para comprar una buena tierra y construir. Es m\u00e1s complejo: a los conocimientos del sector, hay que sumar los aspectos legales y los impositivos entre otros, porque el negocio inmobiliario se convirti\u00f3 en financiero&#8221;, coincidieron los argentinos &#8220;sueltos&#8221; en Madrid.<\/p>\n<p>Fuente: La Naci\u00f3n  <\/p>\n","protected":false},"excerpt":{"rendered":"<p>Los protagonistas del sector tuvieron una semana movida en el viejo continente. M\u00e1s de 100 referentes de la industria local participaron del sal\u00f3n inmobiliario de Madrid (SIMA) que arranc\u00f3 el 25 de mayo. Si bien el d\u00eda clave fue el viernes, jornada en la que los argentinos tuvieron expusieron las oportunidades que presenta el mercado [&hellip;]<\/p>\n","protected":false},"author":1,"featured_media":248,"comment_status":"open","ping_status":"open","sticky":false,"template":"","format":"standard","meta":{"footnotes":""},"categories":[1],"tags":[],"_links":{"self":[{"href":"https:\/\/www.oppel.com.ar\/news\/wp-json\/wp\/v2\/posts\/247"}],"collection":[{"href":"https:\/\/www.oppel.com.ar\/news\/wp-json\/wp\/v2\/posts"}],"about":[{"href":"https:\/\/www.oppel.com.ar\/news\/wp-json\/wp\/v2\/types\/post"}],"author":[{"embeddable":true,"href":"https:\/\/www.oppel.com.ar\/news\/wp-json\/wp\/v2\/users\/1"}],"replies":[{"embeddable":true,"href":"https:\/\/www.oppel.com.ar\/news\/wp-json\/wp\/v2\/comments?post=247"}],"version-history":[{"count":2,"href":"https:\/\/www.oppel.com.ar\/news\/wp-json\/wp\/v2\/posts\/247\/revisions"}],"predecessor-version":[{"id":896,"href":"https:\/\/www.oppel.com.ar\/news\/wp-json\/wp\/v2\/posts\/247\/revisions\/896"}],"wp:featuredmedia":[{"embeddable":true,"href":"https:\/\/www.oppel.com.ar\/news\/wp-json\/wp\/v2\/media\/248"}],"wp:attachment":[{"href":"https:\/\/www.oppel.com.ar\/news\/wp-json\/wp\/v2\/media?parent=247"}],"wp:term":[{"taxonomy":"category","embeddable":true,"href":"https:\/\/www.oppel.com.ar\/news\/wp-json\/wp\/v2\/categories?post=247"},{"taxonomy":"post_tag","embeddable":true,"href":"https:\/\/www.oppel.com.ar\/news\/wp-json\/wp\/v2\/tags?post=247"}],"curies":[{"name":"wp","href":"https:\/\/api.w.org\/{rel}","templated":true}]}}